{"id":961,"date":"2014-10-25T01:51:50","date_gmt":"2014-10-24T23:51:50","guid":{"rendered":"http:\/\/www.entrelemanetjura.ch\/BLOG_WP_351\/?p=961"},"modified":"2014-10-25T02:08:20","modified_gmt":"2014-10-25T00:08:20","slug":"crise-de-volcanisme-en-islande","status":"publish","type":"post","link":"https:\/\/www.entrelemanetjura.ch\/BLOG_WP_351\/crise-de-volcanisme-en-islande\/","title":{"rendered":"Crise de volcanisme en Islande"},"content":{"rendered":"<p style=\"text-align: justify;\">Depuis des semaines, une \u00e9ruption de fissure est en cours au nord du gros volcan connu Bardarbunga, volcan qui se situe sous le glacier Vatnaj\u00f6kull (le plus grand glacier d&rsquo;Islande). On peut de temps en temps obtenir de superbes images vid\u00e9o, comme ce samedi 25 octobre 2014 \u00e0 01:35; la fissure d&rsquo;o\u00f9 s&rsquo;\u00e9coule la lave est dans une zone sans glaces, en marge du glacier:<\/p>\n<p><a href=\"http:\/\/www.entrelemanetjura.ch\/BLOG_WP_351\/wp-content\/uploads\/2014\/10\/2014.10-25-Kistufel-\u00e9ruption.jpg\"><img loading=\"lazy\" decoding=\"async\" class=\"aligncenter size-full wp-image-964\" alt=\"2014.10-25 Kistufel \u00e9ruption\" src=\"http:\/\/www.entrelemanetjura.ch\/BLOG_WP_351\/wp-content\/uploads\/2014\/10\/2014.10-25-Kistufel-\u00e9ruption.jpg\" width=\"971\" height=\"586\" srcset=\"https:\/\/www.entrelemanetjura.ch\/BLOG_WP_351\/wp-content\/uploads\/2014\/10\/2014.10-25-Kistufel-\u00e9ruption.jpg 971w, https:\/\/www.entrelemanetjura.ch\/BLOG_WP_351\/wp-content\/uploads\/2014\/10\/2014.10-25-Kistufel-\u00e9ruption-300x181.jpg 300w\" sizes=\"auto, (max-width: 971px) 100vw, 971px\" \/><\/a><\/p>\n<p>Source: \u00a0 <a title=\"Kistufell - \u00e9ruption de fissure dans la nuit 25.10.2014 01:35\" href=\"http:\/\/www.livefromiceland.is\/webcams\/bardarbunga-2\/\" target=\"_blank\">http:\/\/www.livefromiceland.is\/webcams\/bardarbunga-2\/<\/a><\/p>\n<p style=\"text-align: justify;\">Or sous le Bardarbunga, ces derniers jours il est survenu une crise de s\u00e9ismes en nombres croissants; ces derni\u00e8res 48 heures il en est survenu 71\u00a0de plus de 3 Richter d&rsquo;intensit\u00e9, \u00e0 toutes les profondeurs comprises entre quelques centaines de m et 10 Km (utiliser l&rsquo;option \u00ab\u00a0Table\u00a0\u00bb pour ces comptages):<\/p>\n<p><a href=\"http:\/\/www.entrelemanetjura.ch\/BLOG_WP_351\/wp-content\/uploads\/2014\/10\/2014.10-25-Vatna-s\u00e9ismes.jpg\"><img loading=\"lazy\" decoding=\"async\" class=\"aligncenter size-full wp-image-962\" alt=\"2014.10-25 Vatna s\u00e9ismes\" src=\"http:\/\/www.entrelemanetjura.ch\/BLOG_WP_351\/wp-content\/uploads\/2014\/10\/2014.10-25-Vatna-s\u00e9ismes.jpg\" width=\"676\" height=\"797\" srcset=\"https:\/\/www.entrelemanetjura.ch\/BLOG_WP_351\/wp-content\/uploads\/2014\/10\/2014.10-25-Vatna-s\u00e9ismes.jpg 676w, https:\/\/www.entrelemanetjura.ch\/BLOG_WP_351\/wp-content\/uploads\/2014\/10\/2014.10-25-Vatna-s\u00e9ismes-254x300.jpg 254w\" sizes=\"auto, (max-width: 676px) 100vw, 676px\" \/><\/a><\/p>\n<p>&nbsp;<\/p>\n<p>Source: \u00a0 \u00a0<a title=\"Carte des s\u00e9ismes du Vatnaj\u00f6kull\" href=\"http:\/\/en.vedur.is\/earthquakes-and-volcanism\/earthquakes\/vatnajokull\/\" target=\"_blank\">http:\/\/en.vedur.is\/earthquakes-and-volcanism\/earthquakes\/vatnajokull\/<\/a><\/p>\n<p style=\"text-align: justify;\">De plus, si l&rsquo;on examine les donn\u00e9es GPS, \u00e9galement disponibles, on constate que toute la zone o\u00f9 ont lieu ces s\u00e9ismes a gonfl\u00e9 d&rsquo;environ 70 mm depuis le 16 ao\u00fbt 2014 !<\/p>\n<p><a href=\"http:\/\/www.entrelemanetjura.ch\/BLOG_WP_351\/wp-content\/uploads\/2014\/10\/2014.10-25-Vatna-GPS.jpg\"><img loading=\"lazy\" decoding=\"async\" class=\"aligncenter size-full wp-image-963\" alt=\"2014.10-25 Vatna GPS\" src=\"http:\/\/www.entrelemanetjura.ch\/BLOG_WP_351\/wp-content\/uploads\/2014\/10\/2014.10-25-Vatna-GPS.jpg\" width=\"904\" height=\"683\" srcset=\"https:\/\/www.entrelemanetjura.ch\/BLOG_WP_351\/wp-content\/uploads\/2014\/10\/2014.10-25-Vatna-GPS.jpg 904w, https:\/\/www.entrelemanetjura.ch\/BLOG_WP_351\/wp-content\/uploads\/2014\/10\/2014.10-25-Vatna-GPS-300x226.jpg 300w\" sizes=\"auto, (max-width: 904px) 100vw, 904px\" \/><\/a><\/p>\n<p>Source: \u00a0 \u00a0<a title=\"Cartes GPS du Vatnj\u00f6kull\" href=\"http:\/\/hraun.vedur.is\/ja\/Bardarb\/GPS\/Slider\/images.html\" target=\"_blank\">http:\/\/hraun.vedur.is\/ja\/Bardarb\/GPS\/Slider\/images.html<\/a><\/p>\n<p>&nbsp;<\/p>\n<p style=\"text-align: justify;\"><strong>Conclusion<\/strong><\/p>\n<p style=\"text-align: justify;\"><strong>Prochainement une \u00e9ruption va vraisemblablement se produire en Islande, sous le Vatnaj\u00f6kull, par le gros volcan d\u00e9j\u00e0 connu Bardarbunga; <\/strong>elle pourrait \u00eatre\u00a0au moins aussi importante que celle de l&rsquo;Eyjafjallaj\u00f6kull en 2010.<\/p>\n<p style=\"text-align: right;\">Andr\u00e9 Bovay-Rohr, Colombier (VD), Suisse, le 25.10.2014<\/p>\n","protected":false},"excerpt":{"rendered":"<p>Depuis des semaines, une \u00e9ruption de fissure est en cours au nord du gros volcan connu Bardarbunga, volcan qui se situe sous le glacier Vatnaj\u00f6kull (le plus grand glacier d&rsquo;Islande). On peut de temps en temps obtenir de superbes images &hellip; <a href=\"https:\/\/www.entrelemanetjura.ch\/BLOG_WP_351\/crise-de-volcanisme-en-islande\/\">Continuer la lecture <span class=\"meta-nav\">&rarr;<\/span><\/a><\/p>\n","protected":false},"author":1,"featured_media":0,"comment_status":"closed","ping_status":"open","sticky":false,"template":"","format":"standard","meta":{"footnotes":""},"categories":[164],"tags":[237,264,68,265,263,266],"class_list":["post-961","post","type-post","status-publish","format-standard","hentry","category-sciences-de-la-terre","tag-bovay-rohr","tag-bardarbunga","tag-climatologie","tag-eruption-volcanique","tag-islande","tag-vatnajokull"],"_links":{"self":[{"href":"https:\/\/www.entrelemanetjura.ch\/BLOG_WP_351\/wp-json\/wp\/v2\/posts\/961","targetHints":{"allow":["GET"]}}],"collection":[{"href":"https:\/\/www.entrelemanetjura.ch\/BLOG_WP_351\/wp-json\/wp\/v2\/posts"}],"about":[{"href":"https:\/\/www.entrelemanetjura.ch\/BLOG_WP_351\/wp-json\/wp\/v2\/types\/post"}],"author":[{"embeddable":true,"href":"https:\/\/www.entrelemanetjura.ch\/BLOG_WP_351\/wp-json\/wp\/v2\/users\/1"}],"replies":[{"embeddable":true,"href":"https:\/\/www.entrelemanetjura.ch\/BLOG_WP_351\/wp-json\/wp\/v2\/comments?post=961"}],"version-history":[{"count":7,"href":"https:\/\/www.entrelemanetjura.ch\/BLOG_WP_351\/wp-json\/wp\/v2\/posts\/961\/revisions"}],"predecessor-version":[{"id":968,"href":"https:\/\/www.entrelemanetjura.ch\/BLOG_WP_351\/wp-json\/wp\/v2\/posts\/961\/revisions\/968"}],"wp:attachment":[{"href":"https:\/\/www.entrelemanetjura.ch\/BLOG_WP_351\/wp-json\/wp\/v2\/media?parent=961"}],"wp:term":[{"taxonomy":"category","embeddable":true,"href":"https:\/\/www.entrelemanetjura.ch\/BLOG_WP_351\/wp-json\/wp\/v2\/categories?post=961"},{"taxonomy":"post_tag","embeddable":true,"href":"https:\/\/www.entrelemanetjura.ch\/BLOG_WP_351\/wp-json\/wp\/v2\/tags?post=961"}],"curies":[{"name":"wp","href":"https:\/\/api.w.org\/{rel}","templated":true}]}}