{"id":897,"date":"2014-10-01T15:19:11","date_gmt":"2014-10-01T13:19:11","guid":{"rendered":"http:\/\/www.entrelemanetjura.ch\/BLOG_WP_351\/?p=897"},"modified":"2014-10-02T01:07:52","modified_gmt":"2014-10-01T23:07:52","slug":"geothermie-a-geneve-quelle-aventure","status":"publish","type":"post","link":"https:\/\/www.entrelemanetjura.ch\/BLOG_WP_351\/geothermie-a-geneve-quelle-aventure\/","title":{"rendered":"G\u00e9othermie \u00e0 Gen\u00e8ve: quelle aventure !"},"content":{"rendered":"<p style=\"text-align: justify;\">Les Autorit\u00e9s de Gen\u00e8ve (Ville et Canton) ont \u00e9t\u00e9 d\u00fbment averties, cet \u00e9t\u00e9, des gros risques financiers qu&rsquo;elles vont courir avec la g\u00e9othermie profonde ; copie du courriel que je leur ai adress\u00e9:\u00a0<a href=\"http:\/\/www.entrelemanetjura.ch\/BLOG_WP_351\/wp-content\/uploads\/2014\/10\/2014.08-19-GE-courriel.pdf\" target=\"_blank\">2014.08-19 GE-courriel.pdf<\/a><\/p>\n<p style=\"text-align: justify;\">La Presse et les m\u00e9dias, dont certains ont re\u00e7u ce message en copie, n&rsquo;en ont rien dit: l&rsquo;information est \u00e0 sens unique &#8211; quand il y a un retour (f\u00fbt-il scientifiquement fond\u00e9) et qu&rsquo;elle d\u00e9range, on n&rsquo;en souffle mot. Les exemples foisonnent, les trois plus r\u00e9cents:<\/p>\n<p style=\"text-align: justify;\">\u00a0<a title=\"Transition \u00e9nerg\u00e9tique en \u00e9chec: \u00e0 quand le rationnement ?\" href=\"http:\/\/www.entrelemanetjura.ch\/BLOG_WP_351\/transition-energetique-en-echec-a-quand-le-rationnement\/\" target=\"_blank\">Transition \u00e9nerg\u00e9tique en \u00e9chec: \u00e0 quand le rationnement ?<\/a><\/p>\n<p style=\"text-align: justify;\"><a title=\"Transition \u00e9nerg\u00e9tique \u00e0 la d\u00e9rive\" href=\"http:\/\/www.entrelemanetjura.ch\/BLOG_WP_351\/transition-energetique-a-la-derive\/\" target=\"_blank\">\u00a0Transition \u00e9nerg\u00e9tique \u00e0 la d\u00e9rive<\/a><\/p>\n<p style=\"text-align: justify;\">\u00a0\u00a0<a title=\"Remplacer M\u00fchleberg nucl\u00e9aire ? Exclu !\" href=\"http:\/\/www.entrelemanetjura.ch\/BLOG_WP_351\/remplacer-muhleberg-nucleaire-exclu\/\" target=\"_blank\">Remplacer M\u00fchleberg nucl\u00e9aire ? Exclu !<\/a><\/p>\n<p style=\"text-align: center;\">* \u00a0 * \u00a0 *<\/p>\n<p style=\"text-align: justify;\"><b>Le Conseiller d&rsquo;Etat en charge du d\u00e9partement DALE, M. Antonio Hodgers, a pris la peine de me r\u00e9pondre le 25.9.2014: qu&rsquo;il en soit vivement remerci\u00e9;<\/b> en<b> <\/b>me fondant sur cette r\u00e9ponse, j&rsquo;ai entrepris de documenter ci-dessous le contexte technique de cette co\u00fbteuse et risqu\u00e9e entreprise.<\/p>\n<p style=\"text-align: center;\"><strong>* \u00a0 * \u00a0 *<\/strong><\/p>\n<p style=\"text-align: justify;\">\u00a7 Projet de g\u00e9othermie genevois cit\u00e9: voir\u00a0 \u00a0 <a title=\"Projet genevois de g\u00e9othermie pour 2020\" href=\"http:\/\/geothermie2020.ch\/\" target=\"_blank\">http:\/\/www.geothermie2020.ch<\/a><\/p>\n<p style=\"text-align: justify;\">A parcourir ce site, j&rsquo;ai le sentiment que l&rsquo;Etat de Gen\u00e8ve s&rsquo;est lanc\u00e9 sur des pistes exigeant la Foi, le d\u00e9crochage de la r\u00e9alit\u00e9 physique se produisant \u00e0 chaque fois qu&rsquo;il est question d&rsquo;\u00e9nergie nucl\u00e9aire. Quant \u00e0 la Soci\u00e9t\u00e9 \u00e0 2&rsquo;000 W, il est plus qu&rsquo;\u00e9tonnant de la voir \u00e9voquer officiellement ici &#8211; sans plus de calculs \u2026 <b>L&rsquo;Etat ne semble pas s&rsquo;\u00eatre aper\u00e7u en 2014 que la transition \u00e9nerg\u00e9tique qu&rsquo;il appelle de ses voeux est d\u00e9j\u00e0 maintenant en \u00e9chec s\u00e9v\u00e8re sur plusieurs tableaux; la Presse et les m\u00e9dias ne sont pas non plus au courant: ils n&rsquo;en disent rien &#8230;<\/b><\/p>\n<p style=\"text-align: justify;\">Seule consolation: la g\u00e9ologie du sous-sol impliqu\u00e9 sera \u00e9tudi\u00e9e avec rigueur par des sp\u00e9cialistes de l&rsquo;Universit\u00e9, mais cela ne garantit en aucune mani\u00e8re le succ\u00e8s final de l&rsquo;entreprise.<\/p>\n<p style=\"text-align: justify;\">\u00a7 En ce qui concerne <b>la consommation d&rsquo;\u00e9lectricit\u00e9 \u00e0 Gen\u00e8ve en 2013 (sans le CERN !), elle se montait \u00e0 2&rsquo;943 GWH<\/b>: c&rsquo;est un peu moins que la production annuelle de la centrale nucl\u00e9aire de M\u00fchleberg (373 MW).<\/p>\n<p style=\"text-align: justify;\">Gen\u00e8ve produit une petite partie de son \u00e9lectricit\u00e9 par ses installations hydrauliques (466 GWH, 16% \u00e0 Verbois et 25 GWH,\u00a0 moins de 1% \u00e0 Seujet) et ach\u00e8te le reste \u00e0 l&rsquo;ext\u00e9rieur; il va donc de soi que de l&rsquo;ordre de 75% proviennent physiquement surtout des fid\u00e8les et tr\u00e8s puissantes usines nucl\u00e9aires fran\u00e7aises de la vall\u00e9e du Rh\u00f4ne; cela pourrait bien changer en 2020, \u00e0 l&rsquo;\u00e9ch\u00e9ance de contrats avec le fournisseur. Il doit aussi arriver parfois \u00e0 un \u00e9lectron de Grande-Dixence de passer par l\u00e0 \u2026 Sources:<\/p>\n<p style=\"text-align: justify;\"><a href=\"http:\/\/fr.wikipedia.org\/wiki\/Cat%C3%A9gorie:Barrage_du_canton_de_Gen%C3%A8ve\" target=\"_blank\">http:\/\/fr.wikipedia.org\/wiki\/Cat\u00e9gorie:Barrage_du_canton_de_Gen\u00e8ve<\/a><\/p>\n<p style=\"text-align: justify;\">Statistiques de consommation annuelle dans le tableau T 08.03.2.01, sur la page<\/p>\n<p style=\"text-align: justify;\"><a href=\"http:\/\/www.ge.ch\/statistique\/domaines\/08\/08_02\/tableaux.asp#3\" target=\"_blank\">http:\/\/www.ge.ch\/statistique\/domaines\/08\/08_02\/tableaux.asp#3<\/a><\/p>\n<p style=\"text-align: justify;\">\u00a7 Le flux de chaleur en g\u00e9othermie (profonde ou non) \u00e0 Gen\u00e8ve permet de calculer une limite de <b>puissance de l&rsquo;\u00e9nergie renouvelable disponible<\/b>: je sugg\u00e8re d&rsquo;utiliser la superficie cantonale de\u00a0 282 Km2; \u00e0 60 mW\/m2 (le flux le plus bas de Suisse), cela donne 17 MW comme ordre de grandeur maximum; de la chaleur, pas encore de l&rsquo;\u00e9lectricit\u00e9 \u2026 au mieux, \u00e0 supposer que le captage s&rsquo;\u00e9tende sur un territoire aussi vaste, on pourrait donc en tirer 6 MW d&rsquo;\u00e9lectricit\u00e9 au plus. <b>Pas de quoi approcher le d\u00e9but d&rsquo;un remplacement de l&rsquo;\u00e9lectricit\u00e9 nucl\u00e9aire (dont les habitants romands et fran\u00e7ais de la r\u00e9gion se gavent jour et nuit toute l&rsquo;ann\u00e9e, Gen\u00e8ve en t\u00eate): un fantasme trompeur \u00e0 oublier !\u00a0 \u00a0<\/b><\/p>\n<p style=\"text-align: justify;\"><b>\u00a7 <\/b>Les forages devront \u00eatre fortement assur\u00e9s, car l&rsquo;eau a pu, au cours des mill\u00e9naires, dissoudre moult <strong>substances toxiques, corrosives et malodorantes \u2026 et se voir rel\u00e2cher en masse dans l&rsquo;environnement de mani\u00e8re mal contr\u00f4l\u00e9e, par des foreurs pris par surprise.<\/strong><\/p>\n<p style=\"text-align: justify;\">\u00a7 R\u00e9ponse de l&rsquo;Etat de Gen\u00e8ve \u00e0 mon message:\u00a0<a href=\"http:\/\/www.entrelemanetjura.ch\/BLOG_WP_351\/wp-content\/uploads\/2014\/10\/2014.09-25-Hodgers.pdf\" target=\"_blank\">2014.09-25 Hodgers.pdf<\/a><\/p>\n<p style=\"text-align: justify;\">Ce qu&rsquo;on y lit semble tr\u00e8s raisonnable, <b>si l&rsquo;on comprend que la g\u00e9othermie en question ne sera en fait PAS trop profonde \u2026\u00a0<\/b><\/p>\n<p style=\"text-align: justify;\">Documentation sur les exemples parisiens cit\u00e9s (moins de 2&rsquo;000 m de profondeur):<\/p>\n<p style=\"text-align: justify;\"><a href=\"http:\/\/www.geothermie-perspectives.fr\/article\/aquiferes-profonds-bassin-parisien\" target=\"_blank\">http:\/\/www.geothermie-perspectives.fr\/article\/aquiferes-profonds-bassin-parisien<\/a><\/p>\n<p style=\"text-align: justify;\"><a href=\"http:\/\/www.geothermie-perspectives.fr\/article\/temperature-dogger\" target=\"_blank\">http:\/\/www.geothermie-perspectives.fr\/article\/temperature-dogger<\/a><\/p>\n<p style=\"text-align: justify;\">o\u00f9 <strong>l<\/strong><b>e constructeur &#8211; qui a eu beaucoup de chance avec ses acquif\u00e8res et leurs \u00e9pontes &#8211; s&rsquo;attend \u00e0 ce que leur exploitation ne dure pas \u00e9ternellement \u2026\u00a0<\/b><\/p>\n<p style=\"text-align: justify;\"><strong>Conclusion<\/strong><\/p>\n<p style=\"text-align: justify;\">Trouver de l&rsquo;eau chaude dans le sous-sol de Gen\u00e8ve, en se tenant aux aspects raisonnables du projet \u00e9tudi\u00e9, va peut-\u00eatre produire en abondance du <strong>chauffage \u00e0 basse temp\u00e9rature<\/strong> et \u00e0 bon prix !<\/p>\n<p style=\"text-align: justify;\">Sera-t-on alors, en cas de succ\u00e8s, <strong>plus raisonnable \u00e0 Gen\u00e8ve qu&rsquo;\u00e0 Paris &#8211; en ne d\u00e9pensant pas plus de ressources renouvelables en chaleur que ce que la Nature veut bien offrir<\/strong> ?<\/p>\n<p style=\"text-align: justify;\">Il est naturellement permis aux quotidiens et aux m\u00e9dias de publier le contenu du pr\u00e9sent blog, comme il est d&rsquo;usage avec citations.<\/p>\n<p style=\"text-align: right;\">Andr\u00e9 Bovay-Rohr, Colombier (VD), le 1er octobre 2014<\/p>\n","protected":false},"excerpt":{"rendered":"<p>Les Autorit\u00e9s de Gen\u00e8ve (Ville et Canton) ont \u00e9t\u00e9 d\u00fbment averties, cet \u00e9t\u00e9, des gros risques financiers qu&rsquo;elles vont courir avec la g\u00e9othermie profonde ; copie du courriel que je leur ai adress\u00e9:\u00a02014.08-19 GE-courriel.pdf La Presse et les m\u00e9dias, dont &hellip; <a href=\"https:\/\/www.entrelemanetjura.ch\/BLOG_WP_351\/geothermie-a-geneve-quelle-aventure\/\">Continuer la lecture <span class=\"meta-nav\">&rarr;<\/span><\/a><\/p>\n","protected":false},"author":1,"featured_media":0,"comment_status":"closed","ping_status":"open","sticky":false,"template":"","format":"standard","meta":{"footnotes":""},"categories":[8,64,10,9],"tags":[237,15,66,175,251,108,35],"class_list":["post-897","post","type-post","status-publish","format-standard","hentry","category-energie-2","category-energies-renouvelables","category-nucleaire-civil-2","category-suissepays","tag-bovay-rohr","tag-centrales-electriques","tag-geneve","tag-geothermie-profonde","tag-hodgers-antonio-ce-geneve","tag-leman","tag-romands"],"_links":{"self":[{"href":"https:\/\/www.entrelemanetjura.ch\/BLOG_WP_351\/wp-json\/wp\/v2\/posts\/897","targetHints":{"allow":["GET"]}}],"collection":[{"href":"https:\/\/www.entrelemanetjura.ch\/BLOG_WP_351\/wp-json\/wp\/v2\/posts"}],"about":[{"href":"https:\/\/www.entrelemanetjura.ch\/BLOG_WP_351\/wp-json\/wp\/v2\/types\/post"}],"author":[{"embeddable":true,"href":"https:\/\/www.entrelemanetjura.ch\/BLOG_WP_351\/wp-json\/wp\/v2\/users\/1"}],"replies":[{"embeddable":true,"href":"https:\/\/www.entrelemanetjura.ch\/BLOG_WP_351\/wp-json\/wp\/v2\/comments?post=897"}],"version-history":[{"count":13,"href":"https:\/\/www.entrelemanetjura.ch\/BLOG_WP_351\/wp-json\/wp\/v2\/posts\/897\/revisions"}],"predecessor-version":[{"id":904,"href":"https:\/\/www.entrelemanetjura.ch\/BLOG_WP_351\/wp-json\/wp\/v2\/posts\/897\/revisions\/904"}],"wp:attachment":[{"href":"https:\/\/www.entrelemanetjura.ch\/BLOG_WP_351\/wp-json\/wp\/v2\/media?parent=897"}],"wp:term":[{"taxonomy":"category","embeddable":true,"href":"https:\/\/www.entrelemanetjura.ch\/BLOG_WP_351\/wp-json\/wp\/v2\/categories?post=897"},{"taxonomy":"post_tag","embeddable":true,"href":"https:\/\/www.entrelemanetjura.ch\/BLOG_WP_351\/wp-json\/wp\/v2\/tags?post=897"}],"curies":[{"name":"wp","href":"https:\/\/api.w.org\/{rel}","templated":true}]}}