{"id":886,"date":"2014-10-11T16:40:00","date_gmt":"2014-10-11T14:40:00","guid":{"rendered":"http:\/\/www.entrelemanetjura.ch\/BLOG_WP_351\/?p=886"},"modified":"2021-05-21T17:16:43","modified_gmt":"2021-05-21T15:16:43","slug":"accueil","status":"publish","type":"post","link":"https:\/\/www.entrelemanetjura.ch\/BLOG_WP_351\/accueil\/","title":{"rendered":"ACCUEIL"},"content":{"rendered":"<p>\/\/ Notes du 6.4.2021 et du 21.5.2021<\/p>\n<p style=\"text-align: justify;\">\u00a0 \u00a0Pour faire la diff\u00e9rence entre le contenu de ce blog et des \u00ab\u00a0fake news\u00a0\u00bb, il suffit de chercher les sources utilis\u00e9es par l&rsquo;auteur: <strong>un scientifique fournit en principe toujours ses sources<\/strong> (\u00e0 moins qu&rsquo;une formation de base en physique y suffise). C&rsquo;est par exemple le cas sur tout ce qui concerne le combat contre la pand\u00e9mie COVID-19: l&rsquo;\u00e9diteur, souvent lui-m\u00eame auteur, n&rsquo;est pas m\u00e9decin !<\/p>\n<p style=\"text-align: justify;\">Quand vous trouvez dans un article un nom d&rsquo;auteur, commencez par v\u00e9rifier si vous avez tout compris de ses propos ! En g\u00e9n\u00e9ral, vous avez affaire \u00e0 un scientifique, qui a \u00e9t\u00e9 admis \u00e0 publier dans ce blog \u00e0 cause de ses comp\u00e9tences. Traiter avec un haussement d&rsquo;\u00e9paules son rapport d&rsquo;expert va se payer tr\u00e8s cher: la plupart du temps, il s&rsquo;agit de donn\u00e9es de la Nature; passer outre, comme par exemple avec les affaires du CO2 (qui ne pr\u00e9sente PAS d&rsquo;effet de serre) ou de l&rsquo;abandon suisse du nucl\u00e9aire, aura de terribles cons\u00e9quences: <strong>n&rsquo;h\u00e9sitez pas &#8211; prenez contact<\/strong> !<\/p>\n<p style=\"text-align: right;\">\/\/ fin de notes du 6.4.2021 et du 21.5.2021<\/p>\n<p style=\"text-align: justify;\"><b>\u00a0 \u00a0<\/b><b>Objectifs poursuivis<\/b><\/p>\n<p style=\"text-align: justify;\"><b>Publier des travaux scientifiques ou techniques originaux, ayant ou non un rapport avec l&rsquo;\u00e9nergie.<\/b><\/p>\n<p style=\"text-align: justify;\"><b>Trouver et proposer, pour la Suisse, un approvisionnement en \u00e9nergie qui soit r\u00e9alisable et durable<\/b> &#8211; sans exclure aucune source d&rsquo;aucune sorte.<\/p>\n<p style=\"text-align: justify;\"><b>\u00a0\u00a0 Contenu\u00a0<\/b><\/p>\n<p style=\"text-align: justify;\">Le terme blog\u00a0est la contraction de \u00ab\u00a0we<strong>b\u00a0log<\/strong>\u00ab\u00a0, qui signifie \u00ab\u00a0Livre de bord internet\u00a0\u00bb. Ce blog-ci <span style=\"color: #99ccff;\">(qui a d\u00e9but\u00e9 en 2010)<\/span> est un espace de libert\u00e9, pour des auteurs francophones:<\/p>\n<p style=\"text-align: justify;\">&#8211; d&rsquo;un c\u00f4t\u00e9 on trouve <b>des r\u00e9flexions sur l&rsquo;actualit\u00e9 en Suisse<\/b>, tr\u00e8s souvent apr\u00e8s le constat de quelque d\u00e9rive dans les projets d&rsquo;approvisionnements;<\/p>\n<p style=\"text-align: justify;\">&#8211; de l&rsquo;autre, des publications \u00e9chappant aux monopoles de fait des revues scientifiques ou techniques et des hautes \u00e9coles: <i>c&rsquo;est \u00e0 l&rsquo;auteur seul d&rsquo;annoncer sans d\u00e9lai une d\u00e9couverte, sous sa responsabilit\u00e9.\u00a0<\/i><\/p>\n<p class=\"p1\" style=\"text-align: justify;\"><span class=\"Apple-converted-space\">\u00a0 <\/span>&#8211; <b>se trouvant en sciences, il arrive qu&rsquo;un fait reconnu ne le soit plus ou seulement sous une forme tr\u00e8s modifi\u00e9e<\/b>, suite \u00e0 une d\u00e9couverte, par exemple\u00a0suite \u00e0 un calcul mieux \u00e9tay\u00e9. <span style=\"color: #0000ff;\">C&rsquo;est\u00a0ici le cas du CO2: il faut bien regarder la date d&rsquo;un article, avant de suivre les conclusions qu&rsquo;on y trouve ! <\/span>Apr\u00e8s les travaux du Pr. Reinhart de 2014, il a fallu r\u00e9former ses id\u00e9es \u00e0 propos de climat; cela a pris du temps, on doit maintenant aussi tenir compte des dates o\u00f9 l&rsquo;information est parvenue \u00e0 l&rsquo;\u00e9diteur:<b> janvier 2017.<\/b><em>\u00a0\u00a0<\/em>On a longtemps cru que l&rsquo;humanit\u00e9 pourrait avoir perturb\u00e9 le climat global avec ses \u00e9missions de gaz \u00e0 effet de serre; devant l&rsquo;immensit\u00e9 du Globe, c&rsquo;est un sujet \u00e0 r\u00e9examiner p\u00e9riodiquement, avec des pincettes \u2026 mais il faut se souvenir de l&rsquo;affaire des CFC et donc garder \u00e0 l&rsquo;esprit qu&rsquo;il est possible de perturber l&rsquo;environnement global. <strong>Aucun sujet n&rsquo;est d\u00e9finitivement clos, en sciences.\u00a0<span style=\"color: #99ccff;\"><b> <\/b>Note de l&rsquo;\u00e9diteur du 9.3.2018.<em>\u00a0<\/em><\/span><\/strong><\/p>\n<p style=\"text-align: justify;\"><b>\u00a0 \u00a0Logo\u00a0<\/b><\/p>\n<p><a href=\"http:\/\/www.entrelemanetjura.ch\/BLOG_WP_351\/wp-content\/uploads\/2014\/09\/coupe_urne-facebk.jpg\"><img loading=\"lazy\" decoding=\"async\" class=\"size-full wp-image-887 alignleft\" src=\"http:\/\/www.entrelemanetjura.ch\/BLOG_WP_351\/wp-content\/uploads\/2014\/09\/coupe_urne-facebk.jpg\" alt=\"coupe_urne facebk\" width=\"182\" height=\"114\" \/><\/a><\/p>\n<p>&nbsp;<\/p>\n<p>&nbsp;<\/p>\n<p style=\"text-align: justify;\">Potentiel de gravitation \u00e0 l&rsquo;int\u00e9rieur d&rsquo;une \u00e9toile (\u2026 \u00e0 l&rsquo;int\u00e9rieur du Soleil).<\/p>\n<p style=\"text-align: justify;\"><b>\u00a0 \u00a0\u00a0<\/b><b>\u00a0Acc\u00e8s\u00a0<\/b><\/p>\n<p style=\"text-align: justify;\">Pour les lecteurs qui d\u00e9butent dans le blog, voir la page<\/p>\n<p style=\"text-align: justify;\"><a title=\"Lien permanent vers Th\u00e8mes dans le blog \u2013 pour d\u00e9buter\" href=\"http:\/\/www.entrelemanetjura.ch\/BLOG_WP_351\/themes-dans-le-blog-pour-debuter\/\" target=\"_blank\" rel=\"bookmark noopener noreferrer\">Th\u00e8mes dans le blog \u2013 pour d\u00e9buter<\/a><\/p>\n<p style=\"text-align: justify;\"><span style=\"text-align: justify;\">Sans publicit\u00e9, le blog est \u00e0 consid\u00e9rer comme un livre plut\u00f4t que comme un p\u00e9riodique; <\/span><b style=\"text-align: justify;\">la liste des mots-cl\u00e9s joue le r\u00f4le de table des mati\u00e8res,<\/b><span style=\"text-align: justify;\"> tout comme la liste des cat\u00e9gories.<\/span><\/p>\n<p style=\"text-align: justify;\"><b>\u00a0\u00a0 Qui sommes-nous ?\u00a0<\/b><\/p>\n<p style=\"text-align: justify;\"><b>Un groupe informel de scientifiques chevronn\u00e9s<\/b>, \u00e0 la retraite pour la plupart. Politique suivie par l&rsquo;\u00e9diteur: c\u00e9ans sciences et calculs ont le pas sur les opinions \u2026<\/p>\n<p style=\"text-align: justify;\">\u00a0<b>\u00a0\u00a0 Impressum\u00a0<\/b><\/p>\n<p style=\"text-align: justify;\">Contact et commentaires \u00e0 l&rsquo;adresse de courriel: \u00a0\u00a0<b>info@entrelemanetjura.ch<\/b><b> \u00a0<\/b><\/p>\n<p style=\"text-align: justify;\">Editeur: \u00a0 \u00a0Andr\u00e9 Bovay-Rohr, Ch. de Chambens 6, 1114 Colombier (VD), Suisse<\/p>\n<p style=\"text-align: right;\"><strong>\u00a0Le 29.9.2014, r\u00e9v. 12 juillet 2016, 20.1.2018, 9.3.2018, 30.12.2020, 6.4.2021<\/strong><\/p>\n","protected":false},"excerpt":{"rendered":"<p>\/\/ Notes du 6.4.2021 et du 21.5.2021 \u00a0 \u00a0Pour faire la diff\u00e9rence entre le contenu de ce blog et des \u00ab\u00a0fake news\u00a0\u00bb, il suffit de chercher les sources utilis\u00e9es par l&rsquo;auteur: un scientifique fournit en principe toujours ses sources (\u00e0 &hellip; <a href=\"https:\/\/www.entrelemanetjura.ch\/BLOG_WP_351\/accueil\/\">Continuer la lecture <span class=\"meta-nav\">&rarr;<\/span><\/a><\/p>\n","protected":false},"author":1,"featured_media":0,"comment_status":"closed","ping_status":"open","sticky":true,"template":"","format":"standard","meta":{"footnotes":""},"categories":[8],"tags":[250,237,24,389],"class_list":["post-886","post","type-post","status-publish","format-standard","hentry","category-energie-2","tag-accueil","tag-bovay-rohr","tag-co2","tag-covid-19"],"_links":{"self":[{"href":"https:\/\/www.entrelemanetjura.ch\/BLOG_WP_351\/wp-json\/wp\/v2\/posts\/886","targetHints":{"allow":["GET"]}}],"collection":[{"href":"https:\/\/www.entrelemanetjura.ch\/BLOG_WP_351\/wp-json\/wp\/v2\/posts"}],"about":[{"href":"https:\/\/www.entrelemanetjura.ch\/BLOG_WP_351\/wp-json\/wp\/v2\/types\/post"}],"author":[{"embeddable":true,"href":"https:\/\/www.entrelemanetjura.ch\/BLOG_WP_351\/wp-json\/wp\/v2\/users\/1"}],"replies":[{"embeddable":true,"href":"https:\/\/www.entrelemanetjura.ch\/BLOG_WP_351\/wp-json\/wp\/v2\/comments?post=886"}],"version-history":[{"count":28,"href":"https:\/\/www.entrelemanetjura.ch\/BLOG_WP_351\/wp-json\/wp\/v2\/posts\/886\/revisions"}],"predecessor-version":[{"id":2692,"href":"https:\/\/www.entrelemanetjura.ch\/BLOG_WP_351\/wp-json\/wp\/v2\/posts\/886\/revisions\/2692"}],"wp:attachment":[{"href":"https:\/\/www.entrelemanetjura.ch\/BLOG_WP_351\/wp-json\/wp\/v2\/media?parent=886"}],"wp:term":[{"taxonomy":"category","embeddable":true,"href":"https:\/\/www.entrelemanetjura.ch\/BLOG_WP_351\/wp-json\/wp\/v2\/categories?post=886"},{"taxonomy":"post_tag","embeddable":true,"href":"https:\/\/www.entrelemanetjura.ch\/BLOG_WP_351\/wp-json\/wp\/v2\/tags?post=886"}],"curies":[{"name":"wp","href":"https:\/\/api.w.org\/{rel}","templated":true}]}}