{"id":838,"date":"2014-07-16T18:49:57","date_gmt":"2014-07-16T16:49:57","guid":{"rendered":"http:\/\/www.entrelemanetjura.ch\/BLOG_WP_351\/?p=838"},"modified":"2016-07-10T12:19:41","modified_gmt":"2016-07-10T10:19:41","slug":"une-adhesion-forcee-a-lue","status":"publish","type":"post","link":"https:\/\/www.entrelemanetjura.ch\/BLOG_WP_351\/une-adhesion-forcee-a-lue\/","title":{"rendered":"Une adh\u00e9sion forc\u00e9e \u00e0 l&rsquo;UE ?"},"content":{"rendered":"<p style=\"text-align: justify;\"><span style=\"font-size: 16px;\">On s&rsquo;aper\u00e7oit d&rsquo;une grande fragilit\u00e9 des approvisionnements en Suisse, en grattant sous la surface des informations disponibles: le constant accroissement de la population am\u00e8ne \u00e0 d\u00e9pendre de plus en plus d&rsquo;importations de toutes sortes, am\u00e8ne \u00e0 d\u00e9pendre de plus en plus de la bonne entente et des libert\u00e9s de commerce avec les pays voisins \u2026 De facto, une ins\u00e9curit\u00e9 dans leur attitude \u00e0 l&rsquo;\u00e9gard de la Suisse s&rsquo;est install\u00e9e au lendemain du 9 f\u00e9vrier 2014 !<\/span><\/p>\n<p style=\"text-align: justify;\"><span style=\"font-size: 16px;\">Au bas de la cha\u00eene des d\u00e9pendances techniques, \u00e9conomiques et politiques, on trouve l&rsquo;\u00e9nergie; c&rsquo;est elle qui nous permet de bien vivre en hiver, dans des maisons bonnes chaudes; c&rsquo;est son abondance qui conditionne tout le reste, entre autres le bon fonctionnement des moteurs et des frigos de l&rsquo;agriculture &#8211; et de ceux de la distribution; c&rsquo;est elle aussi qu&rsquo;on trouve contribuer de mani\u00e8re d\u00e9cisive \u00e0 notre insolente prosp\u00e9rit\u00e9 \u00e9conomique. H\u00e9las, dans un futur pas vraiment lointain, nous allons subir ce qui est d\u00e9crit dans \u00a0 <\/span><a title=\"P\u00e9trole mon amour, bient\u00f4t ma perte \u2026\" href=\"http:\/\/www.entrelemanetjura.ch\/BLOG_WP_351\/petrole-mon-amour-bientot-ma-perte\/\" target=\"_blank\"><span style=\"font-size: 16px;\">P\u00e9trole mon amour, bient\u00f4t ma perte \u2026<\/span><\/a><span style=\"font-size: 16px;\"><a title=\"P\u00e9trole mon amour, bient\u00f4t ma perte \u2026\" href=\"http:\/\/www.entrelemanetjura.ch\/BLOG_WP_351\/petrole-mon-amour-bientot-ma-perte\/\" target=\"_blank\">\u00a0<\/a> \u00a0<\/span><\/p>\n<p style=\"text-align: justify;\"><span style=\"font-size: 16px;\">C&rsquo;est l\u00e0 qu&rsquo;on d\u00e9couvre l&rsquo;importance de l&rsquo;\u00e9lectricit\u00e9 pour le futur: de nouvelles technologies utiliseront le courant transport\u00e9 chez les usagers, pour permettre de se passer du p\u00e9trole et du gaz \u2026 <\/span><b style=\"font-size: 16px;\">Le calcul montre qu&rsquo;il faudra \u00e0 ce moment-l\u00e0, pour y arriver, disposer au minimum de 3 fois les quantit\u00e9s de courant actuelles<\/b><span style=\"font-size: 16px;\">, simplement pour rester au m\u00eame niveau de vie. Aucune des sources d&rsquo;\u00e9nergie locales connues ne va faire le poids &#8230;<\/span><\/p>\n<p style=\"text-align: justify;\"><span style=\"font-size: 16px;\">Or, pour l&rsquo;instant les projets de la Conf\u00e9d\u00e9ration ne semblent pas m\u00eame avoir song\u00e9 \u00e0 ce futur-l\u00e0: en \u00e9lectricit\u00e9, elle patauge s\u00e9v\u00e8rement avec des d\u00e9cisions aventureuses et farfelues (ne pas remplacer les centrales nucl\u00e9aires du pays, par peur de dangers imaginaires), avec des projets fumeux utilisant des sources d&rsquo;\u00e9nergie intermittentes\u00a0(\u00e9oliennes et panneaux photovolta\u00efques), quand ce n&rsquo;est pas avec des projets \u00e0 hauts risques (g\u00e9othermie profonde, usage d&rsquo;hydrog\u00e8ne ou d&rsquo;acide formique). Une ins\u00e9curit\u00e9 d&rsquo;approvisionnement \u00e9lectrique planifi\u00e9e, \u00e0 tous les niveaux !<\/span><\/p>\n<p style=\"text-align: justify;\">Ce n&rsquo;est pas en disposant seulement de quelques 65% ou 70% de la production \u00e9lectrique actuelle, que la Suisse pourra imaginer survivre, lorsque l&rsquo;ensemble de l&rsquo;Europe sera en train de se d\u00e9chirer pour les restes des carburants et combustibles fossiles encore disponibles: <strong>il en faudrait 300% !\u00a0<\/strong><\/p>\n<p style=\"text-align: justify;\">Ce que la Conf\u00e9d\u00e9ration nous pr\u00e9pare de facto ces jours, par l&rsquo;ouverture du march\u00e9 de l&rsquo;\u00e9lectricit\u00e9, par le dumping qui s&rsquo;y pratique:\u00a0<b>la ruine de nos propres producteurs d&rsquo;\u00e9lectricit\u00e9<\/b> <b>&#8211; la seule source locale importante d&rsquo;\u00e9nergie<\/b><strong>\u00a0&#8211; et donc une mise en d\u00e9pendance de plus en plus forte du march\u00e9 europ\u00e9en<\/strong>. Mais QUI sont donc les patrons de ce march\u00e9 de l&rsquo;\u00e9lectricit\u00e9? Un pouvoir \u00e9conomique \u00e9tatis\u00e9, sous peu tr\u00e8s fortement subventionn\u00e9, on ne peut plus proche du pouvoir politique.<b>\u00a0<\/b><\/p>\n<p style=\"text-align: justify;\"><b>Le peuple suisse ne veut pas d&rsquo;une adh\u00e9sion \u00e0 l&rsquo;UE ? Hypoth\u00e8se d\u00e9sagr\u00e9able: par le biais de la d\u00e9pendance \u00e9nerg\u00e9tique, on a l&rsquo;air de pr\u00e9parer de quoi l&rsquo;y forcer, une sorte de complot; entre les techniques inad\u00e9quates et le gaspillage massif de capitaux, il est permis d&rsquo;y penser &#8230;\u00a0<\/b><\/p>\n<p style=\"text-align: justify;\"><b>Documentation<\/b><\/p>\n<p style=\"text-align: justify;\"><a title=\"Article de LT VE 13.6.2014 de M. Willy Boder\" href=\"http:\/\/www.letemps.ch\/economie\/2014\/06\/12\/prix-bas-accelerent-ouverture-marche-electrique-suisse\" target=\"_blank\">Les prix bas acc\u00e9l\u00e8rent l\u2019ouverture du march\u00e9 \u00e9lectrique<\/a><\/p>\n<p style=\"text-align: right;\"><b>Andr\u00e9 Bovay-Rohr, Colombier (VD), le 16 juillet 2014, r\u00e9v. 10.7.2016<\/b><\/p>\n","protected":false},"excerpt":{"rendered":"<p>On s&rsquo;aper\u00e7oit d&rsquo;une grande fragilit\u00e9 des approvisionnements en Suisse, en grattant sous la surface des informations disponibles: le constant accroissement de la population am\u00e8ne \u00e0 d\u00e9pendre de plus en plus d&rsquo;importations de toutes sortes, am\u00e8ne \u00e0 d\u00e9pendre de plus en &hellip; <a href=\"https:\/\/www.entrelemanetjura.ch\/BLOG_WP_351\/une-adhesion-forcee-a-lue\/\">Continuer la lecture <span class=\"meta-nav\">&rarr;<\/span><\/a><\/p>\n","protected":false},"author":1,"featured_media":0,"comment_status":"closed","ping_status":"open","sticky":false,"template":"","format":"standard","meta":{"footnotes":""},"categories":[8,142,9],"tags":[237,34,32,26],"class_list":["post-838","post","type-post","status-publish","format-standard","hentry","category-energie-2","category-politique","category-suissepays","tag-bovay-rohr","tag-berne","tag-complot","tag-electricite"],"_links":{"self":[{"href":"https:\/\/www.entrelemanetjura.ch\/BLOG_WP_351\/wp-json\/wp\/v2\/posts\/838","targetHints":{"allow":["GET"]}}],"collection":[{"href":"https:\/\/www.entrelemanetjura.ch\/BLOG_WP_351\/wp-json\/wp\/v2\/posts"}],"about":[{"href":"https:\/\/www.entrelemanetjura.ch\/BLOG_WP_351\/wp-json\/wp\/v2\/types\/post"}],"author":[{"embeddable":true,"href":"https:\/\/www.entrelemanetjura.ch\/BLOG_WP_351\/wp-json\/wp\/v2\/users\/1"}],"replies":[{"embeddable":true,"href":"https:\/\/www.entrelemanetjura.ch\/BLOG_WP_351\/wp-json\/wp\/v2\/comments?post=838"}],"version-history":[{"count":12,"href":"https:\/\/www.entrelemanetjura.ch\/BLOG_WP_351\/wp-json\/wp\/v2\/posts\/838\/revisions"}],"predecessor-version":[{"id":1451,"href":"https:\/\/www.entrelemanetjura.ch\/BLOG_WP_351\/wp-json\/wp\/v2\/posts\/838\/revisions\/1451"}],"wp:attachment":[{"href":"https:\/\/www.entrelemanetjura.ch\/BLOG_WP_351\/wp-json\/wp\/v2\/media?parent=838"}],"wp:term":[{"taxonomy":"category","embeddable":true,"href":"https:\/\/www.entrelemanetjura.ch\/BLOG_WP_351\/wp-json\/wp\/v2\/categories?post=838"},{"taxonomy":"post_tag","embeddable":true,"href":"https:\/\/www.entrelemanetjura.ch\/BLOG_WP_351\/wp-json\/wp\/v2\/tags?post=838"}],"curies":[{"name":"wp","href":"https:\/\/api.w.org\/{rel}","templated":true}]}}