{"id":694,"date":"2014-04-17T15:03:02","date_gmt":"2014-04-17T13:03:02","guid":{"rendered":"http:\/\/www.entrelemanetjura.ch\/BLOG_WP_351\/?p=694"},"modified":"2014-04-17T15:59:51","modified_gmt":"2014-04-17T13:59:51","slug":"fukushima-le-bilan-de-lirradiation","status":"publish","type":"post","link":"https:\/\/www.entrelemanetjura.ch\/BLOG_WP_351\/fukushima-le-bilan-de-lirradiation\/","title":{"rendered":"Fukushima, le bilan de l\u2019irradiation"},"content":{"rendered":"<p style=\"text-align: justify;\"><span style=\"font-size: 16px;\">Le \u00ab\u00a0Comit\u00e9 scientifique des Nations unies sur les effets des radiations nucl\u00e9aires\u00a0\u00bb (UNSCEAR)\u00a0 vient de publier (New York, avril 2014, 321 pages) son rapport 2013 \u00e0 l\u2019intention de l\u2019Assembl\u00e9e g\u00e9n\u00e9rale de l\u2019ONU. Il est principalement consacr\u00e9 aux niveaux et effets de l\u2019exposition aux radiations dues \u00e0 l\u2019accident nucl\u00e9aire faisant suite au s\u00e9isme et au tsunami du 11 mars 2011 \u00e0 l\u2019Est du Japon. Les conclusions (chiffres 38 et 39) sur les implications sanitaires sont les suivantes\u00a0:<\/span><\/p>\n<p style=\"text-align: justify;\"><em>\u00ab\u00a0 Aucuns d\u00e9c\u00e8s ou maladies graves n\u2019ont \u00e9t\u00e9 enregistr\u00e9s ni parmi les travailleurs sur le site ni dans la population en g\u00e9n\u00e9ral qui ont \u00e9t\u00e9 expos\u00e9s aux radiations. Les doses re\u00e7ues par les habitants, aussi bien celles durant la premi\u00e8re ann\u00e9e que celles estim\u00e9es pour toute leur vie, sont en g\u00e9n\u00e9ral faibles, voire tr\u00e8s faibles. Il n\u2019y a aucun accroissement mesurable d\u2019incidences d\u2019effets sanitaires dus aux radiations qui puisse \u00eatre attendu aussi bien pour la population expos\u00e9e que pour ses descendants. L\u2019effet sanitaire le plus important r\u00e9side dans l\u2019atteinte au bien-\u00eatre mental et social, atteinte li\u00e9e \u00e0 l\u2019\u00e9norme impact du s\u00e9isme, du tsunami et de l\u2019accident nucl\u00e9aire, ainsi que la crainte et les blessures psychiques li\u00e9es \u00e0 la perception du risque d\u2019exposition aux radiations ionisantes. Des effets tels que d\u00e9pressions, sympt\u00f4mes de stress post-traumatiques ont d\u00e9j\u00e0 \u00e9t\u00e9 rapport\u00e9s\u2026.\u00a0\u00bb<\/em><\/p>\n<p style=\"text-align: justify;\">Le journal allemand \u00ab\u00a0<i>Frankfurter Allgemeine<\/i>\u00a0\u00bb y consacre un article, en indiquant la r\u00e9f\u00e9rence d\u2019acc\u00e8s au rapport sur le site du Comit\u00e9 UNSCEAR <a title=\"ONU comit\u00e9 UNscear rapport sur Fukushima\" href=\"http:\/\/www.unscear.org\/docs\/reports\/2013\/13-85418_Report_2013_Annex_A.pdf \" target=\"_blank\">http:\/\/www.unscear.org\/docs\/reports\/2013\/13-85418_Report_2013_Annex_A.pdf\u00a0<\/a><\/p>\n<p style=\"text-align: justify;\"><strong>La conclusion de l\u2019article, qui analyse la cons\u00e9quence de Fukushima sur la politique \u00e9nerg\u00e9tique allemande, est limpide :<\/strong><\/p>\n<p style=\"text-align: justify;\">\u00ab\u00a0<i>B\u00e2tir une politique sur des peurs a un prix tr\u00e8s \u00e9lev\u00e9 : l\u2019irrationalit\u00e9 ne permet pas un examen objectif du rapport co\u00fbt-b\u00e9n\u00e9fice. Il en aurait \u00e9t\u00e9 autrement dans ce pays si un d\u00e9bat avait pu avoir lieu en pr\u00e9sentant une \u00e9nergie nucl\u00e9aire propre et m\u00e9nageant l\u2019environnement en face d\u2019une \u00e9nergie fossile sale et polluante pour l\u2019environnement. Il en aurait aussi \u00e9t\u00e9 autrement si l\u2019on avait mis en comparaison les co\u00fbts des sources d\u2019\u00e9nergie renouvelables dans un pays peu ensoleill\u00e9 et ceux de l\u2019\u00e9nergie nucl\u00e9aire dans un pays peu sujet aux s\u00e9ismes\u2026<\/i>\u00a0\u00bb<\/p>\n<p style=\"text-align: justify;\">L&rsquo;article cit\u00e9 (en allemand) est sur la page:<\/p>\n<p style=\"text-align: justify;\"><a title=\"Strahlenbekastung in Fukushima\" href=\"http:\/\/www.faz.net\/aktuell\/wirtschaft\/wirtschaftspolitik\/strahlenbelastung-in-fukushima-12882021.html\" target=\"_blank\">http:\/\/www.faz.net\/aktuell\/wirtschaft\/wirtschaftspolitik\/strahlenbelastung-in-fukushima-12882021.html<\/a><\/p>\n<p style=\"text-align: right;\"><b>Christophe de Reyff,\u00a0Pensier (FR), le 15 avril 2014<\/b><\/p>\n<p style=\"text-align: center;\">\n","protected":false},"excerpt":{"rendered":"<p>Le \u00ab\u00a0Comit\u00e9 scientifique des Nations unies sur les effets des radiations nucl\u00e9aires\u00a0\u00bb (UNSCEAR)\u00a0 vient de publier (New York, avril 2014, 321 pages) son rapport 2013 \u00e0 l\u2019intention de l\u2019Assembl\u00e9e g\u00e9n\u00e9rale de l\u2019ONU. Il est principalement consacr\u00e9 aux niveaux et effets &hellip; <a href=\"https:\/\/www.entrelemanetjura.ch\/BLOG_WP_351\/fukushima-le-bilan-de-lirradiation\/\">Continuer la lecture <span class=\"meta-nav\">&rarr;<\/span><\/a><\/p>\n","protected":false},"author":1,"featured_media":0,"comment_status":"open","ping_status":"open","sticky":false,"template":"","format":"standard","meta":{"footnotes":""},"categories":[8,13,10],"tags":[192,97,229,228,61,22,230,20,231],"class_list":["post-694","post","type-post","status-publish","format-standard","hentry","category-energie-2","category-nucleaire-en-general","category-nucleaire-civil-2","tag-allemagne","tag-christophe-de-reyff","tag-evacuation-abusive","tag-fukushima","tag-japon","tag-medecine-nucleaire","tag-onu-unscear","tag-radioactivite","tag-sortie-du-nucleaire-abusive"],"_links":{"self":[{"href":"https:\/\/www.entrelemanetjura.ch\/BLOG_WP_351\/wp-json\/wp\/v2\/posts\/694","targetHints":{"allow":["GET"]}}],"collection":[{"href":"https:\/\/www.entrelemanetjura.ch\/BLOG_WP_351\/wp-json\/wp\/v2\/posts"}],"about":[{"href":"https:\/\/www.entrelemanetjura.ch\/BLOG_WP_351\/wp-json\/wp\/v2\/types\/post"}],"author":[{"embeddable":true,"href":"https:\/\/www.entrelemanetjura.ch\/BLOG_WP_351\/wp-json\/wp\/v2\/users\/1"}],"replies":[{"embeddable":true,"href":"https:\/\/www.entrelemanetjura.ch\/BLOG_WP_351\/wp-json\/wp\/v2\/comments?post=694"}],"version-history":[{"count":6,"href":"https:\/\/www.entrelemanetjura.ch\/BLOG_WP_351\/wp-json\/wp\/v2\/posts\/694\/revisions"}],"predecessor-version":[{"id":704,"href":"https:\/\/www.entrelemanetjura.ch\/BLOG_WP_351\/wp-json\/wp\/v2\/posts\/694\/revisions\/704"}],"wp:attachment":[{"href":"https:\/\/www.entrelemanetjura.ch\/BLOG_WP_351\/wp-json\/wp\/v2\/media?parent=694"}],"wp:term":[{"taxonomy":"category","embeddable":true,"href":"https:\/\/www.entrelemanetjura.ch\/BLOG_WP_351\/wp-json\/wp\/v2\/categories?post=694"},{"taxonomy":"post_tag","embeddable":true,"href":"https:\/\/www.entrelemanetjura.ch\/BLOG_WP_351\/wp-json\/wp\/v2\/tags?post=694"}],"curies":[{"name":"wp","href":"https:\/\/api.w.org\/{rel}","templated":true}]}}