{"id":448,"date":"2013-05-30T15:44:49","date_gmt":"2013-05-30T13:44:49","guid":{"rendered":"http:\/\/www.entrelemanetjura.ch\/BLOG_WP_351\/?p=448"},"modified":"2018-05-24T00:00:00","modified_gmt":"2018-05-23T22:00:00","slug":"fausses-pistes","status":"publish","type":"post","link":"https:\/\/www.entrelemanetjura.ch\/BLOG_WP_351\/fausses-pistes\/","title":{"rendered":"Fausses pistes."},"content":{"rendered":"<p style=\"text-align: justify;\">T<strong>outes les pistes de recherches et de d\u00e9veloppements, en mati\u00e8re d&rsquo;\u00e9nergie et de ses s\u00e9quelles, ne sont pas bonnes, h\u00e9las. D&rsquo;autres manquent cruellement. <\/strong>C&rsquo;est le coeur lourd que de nombreuses discussions priv\u00e9es me conduisent \u00e0 mettre les points sur les i \ud83d\ude41<\/p>\n<p style=\"text-align: justify;\">1. <strong>Les incertitudes, \u00e0 propos de l&rsquo;influence de l&rsquo;humanit\u00e9 sur le climat global, ne sont en aucune mani\u00e8re une sorte de permis de polluer durablement (par du CO2, par exemple)<\/strong>.<\/p>\n<p style=\"text-align: justify;\"><em>L&rsquo;affaire est tr\u00e8s compliqu\u00e9e, voir par exemple le for\u00e7age thermique naturel par le Soleil (le for\u00e7age \u00e0 plus long terme, environ -0.01\u00b0C par si\u00e8cle, d\u00fb \u00e0 l&rsquo;\u00e9volution de l&rsquo;orbite de la Terre, n&rsquo;y figure pas):<\/em><\/p>\n<p style=\"text-align: justify;\"><a href=\"http:\/\/www.entrelemanetjura.ch\/BLOG_WP_351\/wp-content\/uploads\/2013\/05\/Soleil.jpg\"><img loading=\"lazy\" decoding=\"async\" class=\"aligncenter size-full wp-image-454\" src=\"http:\/\/www.entrelemanetjura.ch\/BLOG_WP_351\/wp-content\/uploads\/2013\/05\/Soleil.jpg\" alt=\"Soleil\" width=\"1012\" height=\"441\" srcset=\"https:\/\/www.entrelemanetjura.ch\/BLOG_WP_351\/wp-content\/uploads\/2013\/05\/Soleil.jpg 1012w, https:\/\/www.entrelemanetjura.ch\/BLOG_WP_351\/wp-content\/uploads\/2013\/05\/Soleil-300x130.jpg 300w\" sizes=\"auto, (max-width: 1012px) 100vw, 1012px\" \/><\/a><\/p>\n<p style=\"text-align: justify;\"><em>Source de la figure:\u00a0\u00a0 <a title=\"For\u00e7age solaire\" href=\"http:\/\/la.climatologie.free.fr\/soleil\/soleil3.htm#effetshttp:\/\/\" target=\"_blank\">http:\/\/la.climatologie.free.fr\/soleil\/soleil3.htm#effets<\/a><\/em><\/p>\n<p style=\"text-align: justify;\"><em>En astrophysique, on peut donc dire du Soleil qu&rsquo;il se comporte en c\u00e9ph\u00e9ide &#8230;<\/em><\/p>\n<p style=\"text-align: justify;\">L&rsquo;influence humaine s&rsquo;ajoute au rayonnement solaire, manipule notre source d&rsquo;\u00e9nergie primaire de beaucoup plus que 0.4\u00b0C. En optique physique, on sait qu&rsquo;un gaz \u00e0 effet de serre (comme la vapeur d&rsquo;eau H2O, le CO2 ou le gaz des marais CH4) agit instantan\u00e9ment et que de minuscules traces dans l&rsquo;atmosph\u00e8re peuvent avoir un impact d\u00e9mesur\u00e9: la tr\u00e8s instable machine climatique se met en marche \u00e0 retardement, \u00e0 cause des propri\u00e9t\u00e9s optiques et thermiques r\u00e9gulatrices de l&rsquo;eau (vapeur, liquide, brouillard, neige et glace); mais apr\u00e8s, c&rsquo;est une machine monstrueuse, impossible \u00e0 arr\u00eater !<\/p>\n<p style=\"text-align: justify;\">La mesure de la temp\u00e9rature globale est fort difficile &#8211; et donc <span style=\"text-decoration: underline;\"><strong>il faut consid\u00e9rer d&rsquo;autres indices \u00e0 grande \u00e9chelle: le taux de CO2 (400 parties par million ppm) mesur\u00e9 loin de la civilisation, la taille et l&rsquo;\u00e9paisseur des glaces circumpolaires, le niveau de l&rsquo;oc\u00e9an, les statistiques de typhons et tornades, l&rsquo;altitude limite des for\u00eats, par exemples.<\/strong><\/span> Les indices actuels sont d\u00e9sastreux &#8211; \u00e0 mon avis la situation va devenir progressivement intenable &#8211; les climato-sceptiques ont tort.<\/p>\n<p style=\"text-align: justify;\">2. <strong>Le p\u00e9trole (bitumineux), le charbon et le gaz (de schiste) <\/strong>financi\u00e8rement parlant \u00ab\u00a0p\u00e8sent\u00a0\u00bb des milliards de $, sont pour l&rsquo;environnement des catastrophes locales; globalement leur usage est responsable d&rsquo;une aggravation continuelle de la pollution au CO2 et au CH4 (heureusement d\u00e9gradable en CO2). La civilisation en d\u00e9pend totalement et consacre des ressources gigantesques pour en trouver toujours plus. <strong>Une histoire qui ne peut que mal finir &#8230; s&rsquo;ils ne sont pas remplac\u00e9s rapidement: quelle catastrophe sera-t-elle assez m\u00e9chante pour qu&rsquo;on s&rsquo;y d\u00e9cide s\u00e9rieusement ?\u00a0<\/strong>Or les sources d&rsquo;\u00e9nergie primaires renouvelables ne font jusqu&rsquo;\u00e0 nouvel ordre pas le poids pour les concurrencer &#8230;<\/p>\n<p style=\"text-align: justify;\"><em>Il restera surtout <a title=\"Une unique voie royale\" href=\"http:\/\/www.entrelemanetjura.ch\/BLOG_WP_351\/une-unique-voie-royale\/\" target=\"_blank\">l&rsquo;\u00e9nergie nucl\u00e9aire<\/a>, une fois surmont\u00e9e <a title=\"Radioactivit\u00e9: une fraude scientifique en a exag\u00e9r\u00e9 les risques\" href=\"http:\/\/www.entrelemanetjura.ch\/BLOG_WP_351\/radioactivite-une-fraude-scientifique-en-a-exagere-les-risques\/\" target=\"_blank\">la peur infond\u00e9e qu&rsquo;elle inspire<\/a>; pour remplacer durablement les sources d&rsquo;\u00e9nergie actuelles et polluantes, il faut leur opposer des sources commodes, plus puissantes et meilleur march\u00e9: du nucl\u00e9aire de 4\u00e8me et 5\u00e8me g\u00e9n\u00e9ration, produisant en abondance, pendant des si\u00e8cles, de quoi assurer une transition r\u00e9aliste vers une Soci\u00e9t\u00e9 moins \u00e9nergivore (voir <a title=\"Le soleil disponible est mal utilis\u00e9 !\" href=\"http:\/\/www.entrelemanetjura.ch\/BLOG_WP_351\/le-soleil-disponible-est-mal-utilise\/\" target=\"_blank\">une des bonnes solutions de nouvelles constructions<\/a>), moins pr\u00e9datrice et perturbatrice du milieu naturel.<\/em><\/p>\n<p style=\"text-align: justify;\">3. <strong>Les accumulateurs d&rsquo;\u00e9nergie<\/strong> sont le talon d&rsquo;Achille des \u00e9nergies renouvelables. L&rsquo;\u00e9lectricit\u00e9 une fois produite doit \u00eatre consomm\u00e9e sur l&rsquo;instant; l&rsquo;accumulation, sous une forme ou une autre occasionne des pertes d&rsquo;au moins 20% et co\u00fbte des fortunes.Voir en Suisse romande les projets <a title=\"Veytaux\" href=\"http:\/\/www.fmhl.ch\" target=\"_blank\">Hongrin-L\u00e9man renforc\u00e9<\/a> et <a title=\"Nant de Drance\" href=\" http:\/\/www.nant-de-drance.ch \" target=\"_blank\">Nant de Drance agrandi .<\/a><\/p>\n<p style=\"text-align: justify;\"><strong>L&rsquo;hydrog\u00e8ne <\/strong>(qu&rsquo;on tente de rendre techniquement utilisable par le grand public)<strong> est marqu\u00e9 d\u00e9fendu<\/strong> <strong>(il fait partie de la liste exhaustive de l&rsquo;ONU des CFC tueurs de la couche d&rsquo;ozone stratosph\u00e9rique)<\/strong>; l&rsquo;acide formique (d\u00e9gradable) est toxique; lithium et cadmium sont durablement tr\u00e8s toxiques &#8230;<\/p>\n<p style=\"text-align: justify;\">4. <strong>La g\u00e9othermie profonde en Suisse <\/strong>est une source d&rsquo;\u00e9nergie possible, mais provisoire et non durable, si l&rsquo;on d\u00e9passe l&rsquo;exploitation du minuscule flux thermique connu d&rsquo;environ 75 mW\/m2. <strong>C&rsquo;est une \u00e9nergie abondante, mais fossile &#8230;<\/strong><\/p>\n<p style=\"text-align: justify;\">Source fouill\u00e9e :\u00a0\u00a0 <a title=\"Energie g\u00e9othermique \u00e0 Neuch\u00e2tel\" href=\"http:\/\/www.crege.ch\/download\/rapports\/Programme_GeoNE_Rapport_Final_CREGE2012.pdf\" target=\"_blank\">Programme_GeoNE_Rapport_Final_CREGE2012.pdf<\/a><\/p>\n<p style=\"text-align: justify;\">5. <strong>Les \u00e9oliennes ont sur le climat continental un effet global qui ne semble pas avoir \u00e9t\u00e9 investigu\u00e9 \u00e0 ce jour<\/strong>: en modifiant la circulation atmosph\u00e9rique locale, les grands parcs \u00e9oliens pourraient tr\u00e8s bien induire des modifications des vents et de l&rsquo;humidit\u00e9, en particulier <strong>perturber les pluies \u00e0 des centaines ou \u00e0 des milliers de Km sur le continent.\u00a0<\/strong><\/p>\n<div id=\"attachment_1910\" style=\"width: 621px\" class=\"wp-caption aligncenter\"><img loading=\"lazy\" decoding=\"async\" aria-describedby=\"caption-attachment-1910\" class=\"wp-image-1910\" src=\"http:\/\/www.entrelemanetjura.ch\/BLOG_WP_351\/wp-content\/uploads\/2013\/05\/Parc-eolien-off-shore-300x198.jpg\" alt=\"parc-eolien-off-shore\" width=\"611\" height=\"403\" srcset=\"https:\/\/www.entrelemanetjura.ch\/BLOG_WP_351\/wp-content\/uploads\/2013\/05\/Parc-eolien-off-shore-300x198.jpg 300w, https:\/\/www.entrelemanetjura.ch\/BLOG_WP_351\/wp-content\/uploads\/2013\/05\/Parc-eolien-off-shore.jpg 618w\" sizes=\"auto, (max-width: 611px) 100vw, 611px\" \/><p id=\"caption-attachment-1910\" class=\"wp-caption-text\">L\u2019humidit\u00e9 de l\u2019air est modifi\u00e9e par un parc \u00e9olien<\/p><\/div>\n<p>&nbsp;<\/p>\n<p style=\"text-align: justify;\"><em>Les \u00e9oliennes, du point de vue m\u00e9canique des fluides, sont \u00e0 consid\u00e9rer comme des collines couvertes de peupliers: pr\u00e9l\u00e8vements d&rsquo;\u00e9nergie n\u00e9gligeables ou \u00ab\u00a0battements d&rsquo;ailes de papillon\u00a0\u00bb inopportuns ? <\/em><\/p>\n<p style=\"text-align: justify;\"><em>Sont-elles entr\u00e9es dans les mod\u00e8les des m\u00e9t\u00e9orologues ?<\/em><\/p>\n<p style=\"text-align: justify;\">6. <strong>On ne peut pas r\u00eaver remplacer l&rsquo;\u00e9nergie nucl\u00e9aire en Suisse par du photovolta\u00efque, des \u00e9oliennes et des \u00e9conomies d&rsquo;\u00e9nergie relevant du rationnement de temps de guerre. Les quantit\u00e9s et les d\u00e9riv\u00e9es selon le temps (puissances disponibles, calendriers) n&rsquo;y sont pas<\/strong>. Notons simplement que les Verts de tous bords ont fait en Suisse &#8211; \u00e0 leur corps d\u00e9fendant &#8211; le jeu des vendeurs de gaz et d&rsquo;\u00e9lectricit\u00e9 au charbon et au gaz &#8230; \ud83d\ude41<\/p>\n<p style=\"text-align: justify;\">La strat\u00e9gie \u00e9nerg\u00e9tique de la Conf\u00e9d\u00e9ration n&rsquo;a aucune chance de fonctionner vraiment, tout particuli\u00e8rement si les sources d&rsquo;\u00e9nergie primaires polluantes allaient inopin\u00e9ment tarir:\u00a0<strong>QUI va enfin casser officiellement le morceau ?<\/strong> On ne va pas recommencer le d\u00e9but de ce blog &#8230; \ud83d\ude42<\/p>\n<p style=\"text-align: justify;\"><strong>\u00a7\u00a0 Esp\u00e9rons que la liste des possibles fausses pistes s&rsquo;arr\u00eate l\u00e0 provisoirement &#8230;<\/strong><\/p>\n<p style=\"text-align: right;\"><strong>Andr\u00e9 Bovay-Rohr, Colombier-sur-Morges, le 30 mai 2013, r\u00e9v. forme 2015\u00a0et 2018<\/strong><\/p>\n<p>&nbsp;<\/p>\n","protected":false},"excerpt":{"rendered":"<p>Toutes les pistes de recherches et de d\u00e9veloppements, en mati\u00e8re d&rsquo;\u00e9nergie et de ses s\u00e9quelles, ne sont pas bonnes, h\u00e9las. D&rsquo;autres manquent cruellement. C&rsquo;est le coeur lourd que de nombreuses discussions priv\u00e9es me conduisent \u00e0 mettre les points sur les &hellip; <a href=\"https:\/\/www.entrelemanetjura.ch\/BLOG_WP_351\/fausses-pistes\/\">Continuer la lecture <span class=\"meta-nav\">&rarr;<\/span><\/a><\/p>\n","protected":false},"author":1,"featured_media":0,"comment_status":"open","ping_status":"open","sticky":false,"template":"","format":"standard","meta":{"footnotes":""},"categories":[146,64,10,142,9],"tags":[172,14,173,15,68,24,31,175,171,120,174,25],"class_list":["post-448","post","type-post","status-publish","format-standard","hentry","category-economies-denergie-et-deau","category-energies-renouvelables","category-nucleaire-civil-2","category-politique","category-suissepays","tag-acide-formique","tag-astrophysique","tag-cadmium","tag-centrales-electriques","tag-climatologie","tag-co2","tag-eoliennes","tag-geothermie-profonde","tag-hydrogene","tag-lithium","tag-meteorologie","tag-methane-ch4"],"_links":{"self":[{"href":"https:\/\/www.entrelemanetjura.ch\/BLOG_WP_351\/wp-json\/wp\/v2\/posts\/448","targetHints":{"allow":["GET"]}}],"collection":[{"href":"https:\/\/www.entrelemanetjura.ch\/BLOG_WP_351\/wp-json\/wp\/v2\/posts"}],"about":[{"href":"https:\/\/www.entrelemanetjura.ch\/BLOG_WP_351\/wp-json\/wp\/v2\/types\/post"}],"author":[{"embeddable":true,"href":"https:\/\/www.entrelemanetjura.ch\/BLOG_WP_351\/wp-json\/wp\/v2\/users\/1"}],"replies":[{"embeddable":true,"href":"https:\/\/www.entrelemanetjura.ch\/BLOG_WP_351\/wp-json\/wp\/v2\/comments?post=448"}],"version-history":[{"count":15,"href":"https:\/\/www.entrelemanetjura.ch\/BLOG_WP_351\/wp-json\/wp\/v2\/posts\/448\/revisions"}],"predecessor-version":[{"id":1911,"href":"https:\/\/www.entrelemanetjura.ch\/BLOG_WP_351\/wp-json\/wp\/v2\/posts\/448\/revisions\/1911"}],"wp:attachment":[{"href":"https:\/\/www.entrelemanetjura.ch\/BLOG_WP_351\/wp-json\/wp\/v2\/media?parent=448"}],"wp:term":[{"taxonomy":"category","embeddable":true,"href":"https:\/\/www.entrelemanetjura.ch\/BLOG_WP_351\/wp-json\/wp\/v2\/categories?post=448"},{"taxonomy":"post_tag","embeddable":true,"href":"https:\/\/www.entrelemanetjura.ch\/BLOG_WP_351\/wp-json\/wp\/v2\/tags?post=448"}],"curies":[{"name":"wp","href":"https:\/\/api.w.org\/{rel}","templated":true}]}}