{"id":437,"date":"2013-05-28T12:30:44","date_gmt":"2013-05-28T10:30:44","guid":{"rendered":"http:\/\/www.entrelemanetjura.ch\/BLOG_WP_351\/?p=437"},"modified":"2013-05-31T00:27:21","modified_gmt":"2013-05-30T22:27:21","slug":"un-semblant-de-democratie","status":"publish","type":"post","link":"https:\/\/www.entrelemanetjura.ch\/BLOG_WP_351\/un-semblant-de-democratie\/","title":{"rendered":"Un semblant de d\u00e9mocratie"},"content":{"rendered":"<p style=\"text-align: justify;\"><strong>La structure de nos soci\u00e9t\u00e9s d&rsquo;\u00e9lectricit\u00e9, et la mani\u00e8re dont elles sont g\u00e9r\u00e9es, nous ont fait perdre le contr\u00f4le sur ce qu&rsquo;elles font. C&rsquo;est d&rsquo;autant plus embarrassant que nous b\u00e9n\u00e9ficions de prestations impeccables, du courant \u00e9lectrique de la meilleure des qualit\u00e9s possibles. C&rsquo;est pour le futur qu&rsquo;on doit se faire des soucis !<\/strong><\/p>\n<p style=\"text-align: justify;\">Hier avait lieu l&rsquo;assembl\u00e9e g\u00e9n\u00e9rale de la Romande \u00e9nergie holding SA (REH), qui autrefois s&rsquo;appelait Compagnie vaudoise d&rsquo;\u00e9lectricit\u00e9 (CVE), avant d&rsquo;avoir absorb\u00e9 moult petites soci\u00e9t\u00e9s et form\u00e9 moult associations (on s&rsquo;y perd un peu \u2026). Qu&rsquo;on en juge par l&rsquo;organigramme de REH:<br \/>\n<a href=\"http:\/\/www.entrelemanetjura.ch\/BLOG_WP_351\/wp-content\/uploads\/2013\/05\/2013.04-01-REH-organigramme.jpg\"><img loading=\"lazy\" decoding=\"async\" class=\"aligncenter size-full wp-image-438\" alt=\"2013.04-01 REH organigramme\" src=\"http:\/\/www.entrelemanetjura.ch\/BLOG_WP_351\/wp-content\/uploads\/2013\/05\/2013.04-01-REH-organigramme.jpg\" width=\"576\" height=\"757\" srcset=\"https:\/\/www.entrelemanetjura.ch\/BLOG_WP_351\/wp-content\/uploads\/2013\/05\/2013.04-01-REH-organigramme.jpg 576w, https:\/\/www.entrelemanetjura.ch\/BLOG_WP_351\/wp-content\/uploads\/2013\/05\/2013.04-01-REH-organigramme-228x300.jpg 228w\" sizes=\"auto, (max-width: 576px) 100vw, 576px\" \/><\/a><\/p>\n<p>Source:\u00a0\u00a0 <a title=\"REH Gestion 2012\" href=\" http:\/\/investor.romande-energie.ch\/~\/media\/Files\/R\/Romande-Energie\/Attachments\/reports-results-fr\/2012_Rapport%20de%20Gestion.pdf?\" target=\"_blank\">Rapport de Gestion 2012 de REH<\/a><\/p>\n<p style=\"text-align: justify;\">Pour ne prendre que la plus importante de ces associ\u00e9es, Alpiq SA, son chiffre d&rsquo;affaires 2012 est de 12&rsquo;710 millions de Fr., \u00e0 comparer avec celui de Romande \u00e9nergie SA de 579 millions de Fr. Or l&rsquo;assembl\u00e9e g\u00e9n\u00e9rale de REH n&rsquo;a port\u00e9 que sur les comptes de Romande \u00e9nergie SA et donc <strong>le Conseil d&rsquo;administration de REH n&rsquo;a jamais re\u00e7u la moindre instruction de son assembl\u00e9e, pour aller ensuite dans les Conseils d&rsquo;administration ou les assembl\u00e9es g\u00e9n\u00e9rales de ses filiales (ou aussi soci\u00e9t\u00e9s associ\u00e9es, dans le jargon), des dizaines de fois plus importantes. Les sp\u00e9cialistes pourront y reconna\u00eetre le proc\u00e9d\u00e9 des soci\u00e9t\u00e9s-\u00e9crans.<\/strong><br \/>\nHier nous avons gravement vot\u00e9 sur des montants 22 fois moins importants que ceux d&rsquo;Alpiq, pour qui l&rsquo;assembl\u00e9e g\u00e9n\u00e9rale des actionnaires a eu lieu un mois auparavant. De plus, le groupe REH a essuy\u00e9 des pertes de patrimoine consid\u00e9rables \u00e0 cause d&rsquo;Alpiq, ce qui n&rsquo;a pas emp\u00each\u00e9 chaque soci\u00e9t\u00e9 de distribuer des dividendes ou des r\u00e9serves de capital \u00e0 ses actionnaires ravis: n&rsquo;importe quoi \u2026<\/p>\n<p style=\"text-align: justify;\">L&rsquo;art. 95 al 3 de la Constitution f\u00e9d\u00e9rale (alias texte Minder), dont la teneur a \u00e9t\u00e9 accept\u00e9e par le peuple le 3 mars 2013, n&rsquo;a pas produit ses effets; il reste l&rsquo;habitude de pr\u00e9tendre \u00e0 tort qu&rsquo;un texte n&rsquo;est \u00e0 respecter qu&rsquo;apr\u00e8s b\u00e9n\u00e9diction par le Conseil f\u00e9d\u00e9ral et par le Parlement. Or le Tribunal f\u00e9d\u00e9ral vient d&rsquo;invalider le juridisme du proc\u00e9d\u00e9 le 22.5.2013 ! D\u00e9fier le peuple est une tr\u00e8s mauvaise id\u00e9e: il y a en vue des initiatives comme 1:12 &#8230; Il faudra enfin se demander si les nominations au Conseil d&rsquo;administration de REH (la moiti\u00e9 des membres d\u00e9sign\u00e9s par l&rsquo;Etat de Vaud) resteront compatibles avec ce texte f\u00e9d\u00e9ral Minder nouveau.<\/p>\n<p style=\"text-align: justify;\">Sur le plan technique, ce n&rsquo;est pas mieux: REH s&rsquo;est lanc\u00e9 \u00e0 fond dans les \u00e9nergies renouvelables, tout comme EOS, en d\u00e9gageant entre elles toutes des cr\u00e9dits de plusieurs centaines de millions de Fr. Ce serait tr\u00e8s bien, si la strat\u00e9gie \u00e9nerg\u00e9tique de la Conf\u00e9d\u00e9ration ou du Canton avait la plus petite chance de fonctionner: h\u00e9las les premiers calculs <a title=\"Pas assez d\u2019\u00e9nergie, trop tard, un complot?\" href=\"http:\/\/www.entrelemanetjura.ch\/BLOG_WP_351\/pas-assez-denergie-trop-tard-un-complot\/\" target=\"_blank\">Pas assez d\u2019\u00e9nergie, trop tard, un complot?<\/a>\u00a0 montrent que c&rsquo;est physiquement impossible, sans parler de <a title=\"Coinc\u00e9s sur les transports \u2026\" href=\"http:\/\/www.entrelemanetjura.ch\/BLOG_WP_351\/coinces-sur-les-transports\/\" target=\"_blank\">remplacer p\u00e9trole, charbon et gaz dans le futur.<\/a>\u00a0\u00a0 \ud83d\ude41 . Cela laisse les actionnaires de marbre: la d\u00e9charge, la gestion, les comptes, le tout est approuv\u00e9 avec des majorit\u00e9s \u00e9blouissantes: un autisme inqui\u00e9tant.<\/p>\n<p style=\"text-align: justify;\"><strong>L&rsquo;Etat de Vaud et les Communes ayant la majorit\u00e9 des actions chez REH, il appara\u00eet que c&rsquo;est notre Etat qui a perdu les rennes &#8211; tout en recevant des dividendes, donc tout en percevant des taxes grassouillettes !<br \/>\n<\/strong><\/p>\n","protected":false},"excerpt":{"rendered":"<p>La structure de nos soci\u00e9t\u00e9s d&rsquo;\u00e9lectricit\u00e9, et la mani\u00e8re dont elles sont g\u00e9r\u00e9es, nous ont fait perdre le contr\u00f4le sur ce qu&rsquo;elles font. C&rsquo;est d&rsquo;autant plus embarrassant que nous b\u00e9n\u00e9ficions de prestations impeccables, du courant \u00e9lectrique de la meilleure des &hellip; <a href=\"https:\/\/www.entrelemanetjura.ch\/BLOG_WP_351\/un-semblant-de-democratie\/\">Continuer la lecture <span class=\"meta-nav\">&rarr;<\/span><\/a><\/p>\n","protected":false},"author":1,"featured_media":0,"comment_status":"open","ping_status":"open","sticky":false,"template":"","format":"standard","meta":{"footnotes":""},"categories":[42,142,9],"tags":[26,43,35,169,170],"class_list":["post-437","post","type-post","status-publish","format-standard","hentry","category-economie","category-politique","category-suissepays","tag-electricite","tag-haute-finance","tag-romands","tag-societes-ecrans","tag-taxes-et-impots"],"_links":{"self":[{"href":"https:\/\/www.entrelemanetjura.ch\/BLOG_WP_351\/wp-json\/wp\/v2\/posts\/437","targetHints":{"allow":["GET"]}}],"collection":[{"href":"https:\/\/www.entrelemanetjura.ch\/BLOG_WP_351\/wp-json\/wp\/v2\/posts"}],"about":[{"href":"https:\/\/www.entrelemanetjura.ch\/BLOG_WP_351\/wp-json\/wp\/v2\/types\/post"}],"author":[{"embeddable":true,"href":"https:\/\/www.entrelemanetjura.ch\/BLOG_WP_351\/wp-json\/wp\/v2\/users\/1"}],"replies":[{"embeddable":true,"href":"https:\/\/www.entrelemanetjura.ch\/BLOG_WP_351\/wp-json\/wp\/v2\/comments?post=437"}],"version-history":[{"count":9,"href":"https:\/\/www.entrelemanetjura.ch\/BLOG_WP_351\/wp-json\/wp\/v2\/posts\/437\/revisions"}],"predecessor-version":[{"id":462,"href":"https:\/\/www.entrelemanetjura.ch\/BLOG_WP_351\/wp-json\/wp\/v2\/posts\/437\/revisions\/462"}],"wp:attachment":[{"href":"https:\/\/www.entrelemanetjura.ch\/BLOG_WP_351\/wp-json\/wp\/v2\/media?parent=437"}],"wp:term":[{"taxonomy":"category","embeddable":true,"href":"https:\/\/www.entrelemanetjura.ch\/BLOG_WP_351\/wp-json\/wp\/v2\/categories?post=437"},{"taxonomy":"post_tag","embeddable":true,"href":"https:\/\/www.entrelemanetjura.ch\/BLOG_WP_351\/wp-json\/wp\/v2\/tags?post=437"}],"curies":[{"name":"wp","href":"https:\/\/api.w.org\/{rel}","templated":true}]}}