{"id":338,"date":"2013-03-18T03:41:10","date_gmt":"2013-03-18T02:41:10","guid":{"rendered":"http:\/\/www.entrelemanetjura.ch\/BLOG_WP_351\/?p=338"},"modified":"2014-07-15T16:08:22","modified_gmt":"2014-07-15T14:08:22","slug":"prairie-au-lieu-de-gazon","status":"publish","type":"post","link":"https:\/\/www.entrelemanetjura.ch\/BLOG_WP_351\/prairie-au-lieu-de-gazon\/","title":{"rendered":"Prairie &#8211; au lieu de gazon"},"content":{"rendered":"<p style=\"text-align: justify;\">Pour avoir un gazon, il faut un terrain bien pr\u00e9par\u00e9; de grosses d\u00e9penses de terrassements, de transports de bonne terre, de labourage et de soins assidus sur quelques semaines;\u00a0sit\u00f4t sem\u00e9, il doit \u00eatre convenablement arros\u00e9. On n&rsquo;ose pas faire le compte de l&rsquo;\u00e9nergie humaine et de l&rsquo;\u00e9nergie (1 litre d&rsquo;essence =\u00a010 KWH thermiques) qu&rsquo;il a fallu pour l&rsquo;obtenir \ud83d\ude41 .<\/p>\n<p style=\"text-align: justify;\">Et ce n&rsquo;est pas fini: chaque semaine et \u00e0 vie, la corv\u00e9e de tondre repr\u00e9sente une d\u00e9bauche d&rsquo;essence, un bruit qui vous fait perdre peu \u00e0 peu l&rsquo;ou\u00efe (\u00e0 moins de mettre un casque prot\u00e8ge-oreilles, par ex. de type pamir) et respirer des gaz d&rsquo;\u00e9chappements; mauvais pour la sant\u00e9, au lieu d&rsquo;\u00eatre une activit\u00e9 de plein air en fin de semaine \ud83d\ude41 . Il va falloir aussi de temps en temps mettre de l&rsquo;engrais et en \u00e9t\u00e9 obligatoirement arroser.<\/p>\n<p style=\"text-align: justify;\">Et maintenant va venir l&rsquo;exigence d&#8217;employer de l&rsquo;essence alkyl\u00e9e, dans les Fr.4.- \u00e0 Fr.5.- le litre (!), pour limiter pollution locale et risques pour la sant\u00e9; or le changement d&rsquo;essence va s&rsquo;accompagner d&rsquo;<strong>une augmentation des \u00e9missions de CO2<\/strong>. Ecologiquement parlant, cet am\u00e9nagement de prestige \u00e9nergivore est une totale aberration: un d\u00e9sert vert, la diversit\u00e9 v\u00e9g\u00e9tale r\u00e9duite \u00e0 2-3 plantes.<\/p>\n<p style=\"text-align: justify;\">En semant un pr\u00e9 au lieu d&rsquo;un gazon, en tondant 4 fois par an au plus (tondeuse r\u00e9gl\u00e9e au plus haut, sans aspirer les taillons, pour ne pas \u00e9liminer les graines !), votre pelouse va \u00eatre rapidement envahie par les plantes du pays. <strong>Puis vous verrez surgir au moins 3 \u00e9tages de fleurs <\/strong>\ud83d\ude42 <img src=\"https:\/\/www.entrelemanetjura.ch\/BLOG_WP_351\/wp-includes\/images\/smilies\/mrgreen.png\" alt=\":mrgreen:\" class=\"wp-smiley\" style=\"height: 1em; max-height: 1em;\" \/><strong> <\/strong>\u00a0parmi lesquelles les tr\u00e8fles rampants (engrais azot\u00e9 naturel), les primev\u00e8res, les p\u00e2querettes et plus tard les brunelles, <span style=\"text-decoration: underline;\">les anthyllides vuln\u00e9raires (image)<\/span><\/p>\n<p style=\"text-align: justify;\"><a href=\"http:\/\/www.entrelemanetjura.ch\/BLOG_WP_351\/wp-content\/uploads\/2013\/03\/Anthyllide-vuln\u00e9raire.jpg\"><img loading=\"lazy\" decoding=\"async\" class=\"aligncenter size-full wp-image-352\" alt=\"Anthyllide vuln\u00e9raire\" src=\"http:\/\/www.entrelemanetjura.ch\/BLOG_WP_351\/wp-content\/uploads\/2013\/03\/Anthyllide-vuln\u00e9raire.jpg\" width=\"500\" height=\"376\" srcset=\"https:\/\/www.entrelemanetjura.ch\/BLOG_WP_351\/wp-content\/uploads\/2013\/03\/Anthyllide-vuln\u00e9raire.jpg 500w, https:\/\/www.entrelemanetjura.ch\/BLOG_WP_351\/wp-content\/uploads\/2013\/03\/Anthyllide-vuln\u00e9raire-300x225.jpg 300w\" sizes=\"auto, (max-width: 500px) 100vw, 500px\" \/><\/a><\/p>\n<p style=\"text-align: justify;\"><em>Source:\u00a0<a title=\"Fleurs des champs\" href=\"http:\/\/randomassif.kazeo.com\/fleurs-a-a-f\/fleurs-a-a-f,r1474783.html\" target=\"_blank\">http:\/\/randomassif.kazeo.com\/<\/a><\/em><\/p>\n<p style=\"text-align: justify;\">et les pissenlits, les \u00e9pervi\u00e8res piloselles et les salsifis des pr\u00e9s: il suffit de\u00a0<strong>TONDRE tr\u00e8s RAREMENT<\/strong>\u00a0pour que toutes ces merveilles viennent toutes seules ou aid\u00e9es par les semailles de graines r\u00e9colt\u00e9es pendant les promenades &#8230; Il faut juste surveiller, \u00e9liminer les piquants-pointus (chardons, ronces) avant qu&rsquo;ils soient install\u00e9s.<\/p>\n<p style=\"text-align: justify;\">Il y a une autre formule, celle de la <strong>prairie maigre<\/strong>: on fauche au lieu de tondre, une \u00e0 deux fois par an \ud83d\ude42 ; la mienne (20 m2) ne pr\u00e9sente pas deux ann\u00e9es de suite les m\u00eames plantes \ud83d\ude42<\/p>\n<p style=\"text-align: justify;\">Cerise sur le g\u00e2teau, <strong>pendant la canicule il n&rsquo;y aura pas besoin d&rsquo;arroser<\/strong>: votre pr\u00e9 ou votre prairie maigre vont rester verts \ud83d\ude42 \u00e0 cause de la r\u00e9sistance\u00a0(que les gramin\u00e9es du gazon n&rsquo;ont pas) des quelque 25 plantes du pays pr\u00e9sentes; parfois vous aurez la surprise (pas chaque ann\u00e9e), dans un coin propice, de voir pousser les orchid\u00e9es sauvages <img src=\"https:\/\/www.entrelemanetjura.ch\/BLOG_WP_351\/wp-includes\/images\/smilies\/mrgreen.png\" alt=\":mrgreen:\" class=\"wp-smiley\" style=\"height: 1em; max-height: 1em;\" \/>\u00a0qu&rsquo;on appelle des Ophrys.<\/p>\n<p style=\"text-align: justify;\"><a href=\"http:\/\/www.entrelemanetjura.ch\/BLOG_WP_351\/wp-content\/uploads\/2013\/03\/Ophrys-bourdon.jpg\"><img loading=\"lazy\" decoding=\"async\" class=\"aligncenter size-full wp-image-349\" alt=\"Ophrys bourdon\" src=\"http:\/\/www.entrelemanetjura.ch\/BLOG_WP_351\/wp-content\/uploads\/2013\/03\/Ophrys-bourdon.jpg\" width=\"197\" height=\"345\" srcset=\"https:\/\/www.entrelemanetjura.ch\/BLOG_WP_351\/wp-content\/uploads\/2013\/03\/Ophrys-bourdon.jpg 197w, https:\/\/www.entrelemanetjura.ch\/BLOG_WP_351\/wp-content\/uploads\/2013\/03\/Ophrys-bourdon-171x300.jpg 171w\" sizes=\"auto, (max-width: 197px) 100vw, 197px\" \/><\/a><\/p>\n<p style=\"text-align: justify;\"><em>Source: \u00a0\u00a0<a title=\"Fleurs rares et sauvages\" href=\"http:\/\/nautic.pagesperso-orange.fr\/fleurs\/fleurs.html \" target=\"_blank\">http:\/\/nautic.pagesperso-orange.fr\/fleurs\/fleurs.html\u00a0<\/a><\/em><\/p>\n<p style=\"text-align: justify;\">Conclusion: Vous allez <strong>consommer jusqu&rsquo;\u00e0 10 fois moins d&rsquo;essence<\/strong>, ce qui sera tr\u00e8s bon pour le porte-monnaie \ud83d\ude42 . Vous consacrerez probablement autant de temps \u00e0 votre prairie qu&rsquo;autrefois \u00e0 votre gazon, mais en \u00e9coutant le chant des oiseaux et en respirant du bon air &#8230;<\/p>\n<p style=\"text-align: justify;\">Article r\u00e9vis\u00e9 21.3.2013 La r\u00e9daction.<\/p>\n<p style=\"text-align: right;\">Andr\u00e9 Bovay-Rohr, Colombier (VD)<\/p>\n","protected":false},"excerpt":{"rendered":"<p>Pour avoir un gazon, il faut un terrain bien pr\u00e9par\u00e9; de grosses d\u00e9penses de terrassements, de transports de bonne terre, de labourage et de soins assidus sur quelques semaines;\u00a0sit\u00f4t sem\u00e9, il doit \u00eatre convenablement arros\u00e9. On n&rsquo;ose pas faire le &hellip; <a href=\"https:\/\/www.entrelemanetjura.ch\/BLOG_WP_351\/prairie-au-lieu-de-gazon\/\">Continuer la lecture <span class=\"meta-nav\">&rarr;<\/span><\/a><\/p>\n","protected":false},"author":1,"featured_media":0,"comment_status":"open","ping_status":"open","sticky":false,"template":"","format":"standard","meta":{"footnotes":""},"categories":[146,9,56],"tags":[237,149,148,24,150,156,147,152,155,154,151,157],"class_list":["post-338","post","type-post","status-publish","format-standard","hentry","category-economies-denergie-et-deau","category-suissepays","category-techniques","tag-bovay-rohr","tag-anthyllides","tag-brunelles","tag-co2","tag-epervieres","tag-essence-alkylee","tag-fleurs-sauvages","tag-gazon","tag-ophrys","tag-prairie-maigre","tag-salsifis","tag-trefles-engrais-naturel"],"_links":{"self":[{"href":"https:\/\/www.entrelemanetjura.ch\/BLOG_WP_351\/wp-json\/wp\/v2\/posts\/338","targetHints":{"allow":["GET"]}}],"collection":[{"href":"https:\/\/www.entrelemanetjura.ch\/BLOG_WP_351\/wp-json\/wp\/v2\/posts"}],"about":[{"href":"https:\/\/www.entrelemanetjura.ch\/BLOG_WP_351\/wp-json\/wp\/v2\/types\/post"}],"author":[{"embeddable":true,"href":"https:\/\/www.entrelemanetjura.ch\/BLOG_WP_351\/wp-json\/wp\/v2\/users\/1"}],"replies":[{"embeddable":true,"href":"https:\/\/www.entrelemanetjura.ch\/BLOG_WP_351\/wp-json\/wp\/v2\/comments?post=338"}],"version-history":[{"count":22,"href":"https:\/\/www.entrelemanetjura.ch\/BLOG_WP_351\/wp-json\/wp\/v2\/posts\/338\/revisions"}],"predecessor-version":[{"id":835,"href":"https:\/\/www.entrelemanetjura.ch\/BLOG_WP_351\/wp-json\/wp\/v2\/posts\/338\/revisions\/835"}],"wp:attachment":[{"href":"https:\/\/www.entrelemanetjura.ch\/BLOG_WP_351\/wp-json\/wp\/v2\/media?parent=338"}],"wp:term":[{"taxonomy":"category","embeddable":true,"href":"https:\/\/www.entrelemanetjura.ch\/BLOG_WP_351\/wp-json\/wp\/v2\/categories?post=338"},{"taxonomy":"post_tag","embeddable":true,"href":"https:\/\/www.entrelemanetjura.ch\/BLOG_WP_351\/wp-json\/wp\/v2\/tags?post=338"}],"curies":[{"name":"wp","href":"https:\/\/api.w.org\/{rel}","templated":true}]}}