{"id":2689,"date":"2021-05-17T16:39:02","date_gmt":"2021-05-17T14:39:02","guid":{"rendered":"https:\/\/www.entrelemanetjura.ch\/BLOG_WP_351\/?p=2689"},"modified":"2021-05-17T16:40:07","modified_gmt":"2021-05-17T14:40:07","slug":"nucleaire-cher-et-renouvelable-bon-marche-une-legende-commentaire-censure-par-24heures","status":"publish","type":"post","link":"https:\/\/www.entrelemanetjura.ch\/BLOG_WP_351\/nucleaire-cher-et-renouvelable-bon-marche-une-legende-commentaire-censure-par-24heures\/","title":{"rendered":"Nucl\u00e9aire cher et renouvelable bon march\u00e9 : une l\u00e9gende \/ Commentaire CENSUR\u00e9 par 24Heures"},"content":{"rendered":"<p>Commentaire, apport\u00e9 \u00e0 l&rsquo;<span class=\"s1\">\u00e9ditorial de M. Pierre Veya dans 24H du 11 mars 2021:\u00a0 <\/span><span class=\"s2\"><a href=\"https:\/\/www.24heures.ch\/lavenir-modeste-du-nucleaire-159291001677\">https:\/\/www.24heures.ch\/lavenir-modeste-du-nucleaire-159291001677\u00a0<\/a><\/span><\/p>\n<p style=\"text-align: justify;\">Citation:\u00a0\u00a0<em><span class=\"HtmlText_root__2zbjl\">\u00ab &#8230; Sur les ondes de la <\/span><span class=\"HtmlText_root__2zbjl\">RTS<\/span><span class=\"HtmlText_root__2zbjl\">, le pr\u00e9sident de l\u2019EPFL<\/span><span class=\"HtmlText_root__2zbjl\">,<\/span><span class=\"HtmlText_root__2zbjl\">\u00a0Martin Vetterli<\/span><span class=\"HtmlText_root__2zbjl\">,<\/span><span class=\"HtmlText_root__2zbjl\"> a \u00e9voqu\u00e9 l\u2019id\u00e9e que la production d\u2019\u00e9lectricit\u00e9 \u00e0 partir de l\u2019atome pourrait \u00eatre relanc\u00e9e en raison de la crise climatique. &#8230;\u00a0<\/span><span class=\"HtmlText_root__2zbjl\">Le pr\u00e9sident de l\u2019EPFL relance ici un d\u00e9bat tr\u00e8s controvers\u00e9<\/span><span class=\"HtmlText_root__2zbjl\">,<\/span><span class=\"HtmlText_root__2zbjl\">\u00a0qui a d\u00e9but\u00e9 au milieu des ann\u00e9es\u00a0<\/span><span class=\"HtmlText_root__2zbjl\">1990<\/span><span class=\"HtmlText_root__2zbjl\"> lorsque les experts climatiques ont mis en \u00e9vidence la n\u00e9cessit\u00e9 de sortir rapidement des \u00e9nergies fossiles. &#8230;<\/span><span class=\"HtmlText_root__2zbjl\">\u00a0Cet avenir, qui semblait radieux de ce point de vue, s\u2019est heurt\u00e9 \u00e0 une r\u00e9alit\u00e9 bien plus triviale: l\u2019\u00e9nergie nucl\u00e9aire n\u2019a jamais trouv\u00e9 de rentabilit\u00e9 \u00e9conomique<\/span><span class=\"HtmlText_root__2zbjl\">\u00a0lorsqu\u2019elle\u00a0<\/span><span class=\"HtmlText_root__2zbjl\">est<\/span><span class=\"HtmlText_root__2zbjl\">\u00a0expos\u00e9e<\/span><span class=\"HtmlText_root__2zbjl\"> \u00e0 la concurrence. &#8230;\u00bb<\/span><\/em><\/p>\n<p style=\"text-align: justify;\"><strong>Commentaire de Bovay-Rohr:<\/strong> Aussi bien M. Veya que M. Vetterli n&rsquo;ont apparemment pas r\u00e9alis\u00e9 qu&rsquo;il n&rsquo;y a pas d&rsquo;effet de serre du CO2 (que font l\u00e0 des experts \u00ab\u00a0climatiques\u00a0\u00bb?) ! La n\u00e9cessit\u00e9 de sortir des \u00e9nergies fossiles a plut\u00f4t pour motif leur progressive rar\u00e9faction.<\/p>\n<p><strong>Commentaires pour le quotidien, en mars:\u00a0<\/strong><\/p>\n<p class=\"p1\" style=\"text-align: justify;\"><span class=\"s1\"><strong>Jean-Fran\u00e7ois Dupont, le 14 mars 2021:\u00a0 \u00a0 \u00a0 \u00a0 CENSUR\u00e9, pas publi\u00e9 !<\/strong><\/span><\/p>\n<p class=\"p1\" style=\"text-align: justify;\"><span class=\"s1\">\u00ab Avant d\u2019ouvrir le march\u00e9, l\u2019UE a fait du benchmarking pour comparer l\u2019efficacit\u00e9 des divers \u00e9lectriciens. R\u00e9sultat : la France sort gagnante, prix de revient du kWh 20 % en dessous du 2<\/span><span class=\"s2\"><sup>e<\/sup><\/span><span class=\"s1\"> du classement. Avec 75 % de nucl\u00e9aire, la France ne pouvait pas atteindre ce r\u00e9sultat si le nucl\u00e9aire \u00e9tait cher. On a voulu y voir des subventions cach\u00e9es de l\u2019\u00c9tat. Apr\u00e8s enqu\u00eate il est ressorti que, au contraire, alors que beaucoup d\u2019entreprises nationalis\u00e9es b\u00e9n\u00e9ficiaient de pr\u00eats de l\u2019\u00c9tat \u00e0 des taux de faveur, EDF avait \u00e9t\u00e9 oblig\u00e9e \u00e0 emprunter sur le march\u00e9 financier international parce qu\u2019elle \u00e9tait une des entreprises qui inspirait le plus confiance, et obtenait des pr\u00eats. On a voulu y voir des co\u00fbts externes non couverts, p. ex. le d\u00e9mant\u00e8lement et les d\u00e9chets\u00a0: l\u2019enqu\u00eate a montr\u00e9 que ces co\u00fbts \u00e9taient couverts. Le plus grave avec cette l\u00e9gende\u00a0: depuis que l\u2019Allemagne a forc\u00e9 le d\u00e9veloppement des renouvelables et arr\u00eate ses centrales nucl\u00e9aires, le prix de l\u2019\u00e9lectricit\u00e9 a doubl\u00e9 et en France qui a fait de m\u00eame, mais moins fort, le prix de l\u2019\u00e9lectricit\u00e9 a augment\u00e9 de 50 %. Pire encore, les \u00e9missions de CO2 augmentent sensiblement en Allemagne, et un peu moins en France avec le recours au charbon et au gaz naturel\u00a0: les renouvelables n\u2019arrivent pas \u00e0 remplacer le nucl\u00e9aire. Le vrai probl\u00e8me du nucl\u00e9aire fran\u00e7ais\u00a0: l\u2019EPR. La politique a cass\u00e9 un outil industriel performant (<a href=\"https:\/\/www.geopolitique-electricite.fr\/\" target=\"_blank\" rel=\"noopener noreferrer\"><span class=\"s3\">https:\/\/www.geopolitique-electricite.fr\/<\/span><\/a> ). \u00bb<\/span><\/p>\n<p><strong>Andr\u00e9 Bovay-Rohr, le 12 mars 2021:\u00a0<\/strong><\/p>\n<p class=\"p1\" style=\"text-align: justify;\">La \u00ab\u00a0crise climatique\u00a0\u00bb? Le r\u00e9sultat d&rsquo;une arnaque !\u00a0L&rsquo;\u00e9nergie nucl\u00e9aire n&rsquo;a AUCUNE concurrence de qualit\u00e9 et de fiabilit\u00e9 comparable (il faut conna\u00eetre les facteurs de charge, les \u00e9nergies \u00e0 source intermittente &#8211; soleil 11% ou vent 19% &#8211; \u00e9tant bon march\u00e9 parce que trop souvent on n&rsquo;en a pas besoin quand elles sont l\u00e0 en surabondance &#8211; \u00e0 comparer avec les plus de 92% du nucl\u00e9aire pr\u00e9sent de janvier \u00e0 mars 24Heures\/24). Ceci est illustr\u00e9 par le prix de l&rsquo;\u00e9lectricit\u00e9 en Allemagne, qui a doubl\u00e9 \u00e0 cause des subventions \u00e9tatiques, co\u00fbts support\u00e9s par les consommateurs &#8211; \u00e9trange rentabilit\u00e9 !<\/p>\n<p class=\"p1\" style=\"text-align: justify;\">Il y a pire: les calculs montrent qu&rsquo;en Suisse le nucl\u00e9aire ne pourra techniquement pas \u00eatre remplac\u00e9 par des \u00e9nergies \u00e0 sources non pilotables, parce que le probl\u00e8me de l&rsquo;accumulation n&rsquo;est pas r\u00e9soluble \u00e0 l&rsquo;heure qu&rsquo;il est ; NB: en passant par l&rsquo;accumulation, on perd le quart de l&rsquo;\u00e9nergie produite.<\/p>\n<p class=\"p1\" style=\"text-align: justify;\">En ce qui concerne la durabilit\u00e9: le combustible nucl\u00e9aire usag\u00e9 rec\u00e8le encore 20 fois l&rsquo;\u00e9nergie d\u00e9j\u00e0 exploit\u00e9e; il suffira de mettre au point les usines capables de d\u00e9truire ces \u00ab\u00a0d\u00e9chets\u00a0\u00bb &#8211; or elles existent sur le papier et en simulations informatiques depuis plus de 20 ans &#8211; les Autorit\u00e9s f\u00e9d\u00e9rales n&rsquo;ont jamais voulu en entendre parler &#8230; Or cela veut dire plusieurs si\u00e8cles d&rsquo;\u00e9nergie \u00e9lectrique disponible, les installations \u00e9tant plus durables que du PV ou des \u00e9oliennes.<\/p>\n<p style=\"text-align: right;\"><strong>Andr\u00e9 Bovay-Rohr, Colombier-sur-Morges, le 17 mai 2021<\/strong><\/p>\n<p>&nbsp;<\/p>\n","protected":false},"excerpt":{"rendered":"<p>Commentaire, apport\u00e9 \u00e0 l&rsquo;\u00e9ditorial de M. Pierre Veya dans 24H du 11 mars 2021:\u00a0 https:\/\/www.24heures.ch\/lavenir-modeste-du-nucleaire-159291001677\u00a0 Citation:\u00a0\u00a0\u00ab &#8230; Sur les ondes de la RTS, le pr\u00e9sident de l\u2019EPFL,\u00a0Martin Vetterli, a \u00e9voqu\u00e9 l\u2019id\u00e9e que la production d\u2019\u00e9lectricit\u00e9 \u00e0 partir de l\u2019atome pourrait &hellip; <a href=\"https:\/\/www.entrelemanetjura.ch\/BLOG_WP_351\/nucleaire-cher-et-renouvelable-bon-marche-une-legende-commentaire-censure-par-24heures\/\">Continuer la lecture <span class=\"meta-nav\">&rarr;<\/span><\/a><\/p>\n","protected":false},"author":1,"featured_media":0,"comment_status":"closed","ping_status":"open","sticky":false,"template":"","format":"standard","meta":{"footnotes":""},"categories":[42,8,433,10],"tags":[237,30,29,26,191],"class_list":["post-2689","post","type-post","status-publish","format-standard","hentry","category-economie","category-energie-2","category-ethique-meprisee","category-nucleaire-civil-2","tag-bovay-rohr","tag-censure","tag-detruire-les-dechets-nucleaires","tag-electricite","tag-jean-francois-dupont"],"_links":{"self":[{"href":"https:\/\/www.entrelemanetjura.ch\/BLOG_WP_351\/wp-json\/wp\/v2\/posts\/2689","targetHints":{"allow":["GET"]}}],"collection":[{"href":"https:\/\/www.entrelemanetjura.ch\/BLOG_WP_351\/wp-json\/wp\/v2\/posts"}],"about":[{"href":"https:\/\/www.entrelemanetjura.ch\/BLOG_WP_351\/wp-json\/wp\/v2\/types\/post"}],"author":[{"embeddable":true,"href":"https:\/\/www.entrelemanetjura.ch\/BLOG_WP_351\/wp-json\/wp\/v2\/users\/1"}],"replies":[{"embeddable":true,"href":"https:\/\/www.entrelemanetjura.ch\/BLOG_WP_351\/wp-json\/wp\/v2\/comments?post=2689"}],"version-history":[{"count":1,"href":"https:\/\/www.entrelemanetjura.ch\/BLOG_WP_351\/wp-json\/wp\/v2\/posts\/2689\/revisions"}],"predecessor-version":[{"id":2690,"href":"https:\/\/www.entrelemanetjura.ch\/BLOG_WP_351\/wp-json\/wp\/v2\/posts\/2689\/revisions\/2690"}],"wp:attachment":[{"href":"https:\/\/www.entrelemanetjura.ch\/BLOG_WP_351\/wp-json\/wp\/v2\/media?parent=2689"}],"wp:term":[{"taxonomy":"category","embeddable":true,"href":"https:\/\/www.entrelemanetjura.ch\/BLOG_WP_351\/wp-json\/wp\/v2\/categories?post=2689"},{"taxonomy":"post_tag","embeddable":true,"href":"https:\/\/www.entrelemanetjura.ch\/BLOG_WP_351\/wp-json\/wp\/v2\/tags?post=2689"}],"curies":[{"name":"wp","href":"https:\/\/api.w.org\/{rel}","templated":true}]}}