{"id":2607,"date":"2021-04-05T06:24:26","date_gmt":"2021-04-05T04:24:26","guid":{"rendered":"https:\/\/www.entrelemanetjura.ch\/BLOG_WP_351\/?p=2607"},"modified":"2021-04-21T17:41:47","modified_gmt":"2021-04-21T15:41:47","slug":"covid-19-muss-man-sich-pflegen-auf-deutsch","status":"publish","type":"post","link":"https:\/\/www.entrelemanetjura.ch\/BLOG_WP_351\/covid-19-muss-man-sich-pflegen-auf-deutsch\/","title":{"rendered":"COVID-19 muss man sich pflegen &#8211; auf Deutsch"},"content":{"rendered":"<p class=\"p1\" style=\"text-align: justify;\">Gegen diese SARS-COV-2-Viruserkrankung kann man unternehmen:<\/p>\n<p class=\"p1\" style=\"text-align: justify;\">&#8211; Vorbeugung durch H\u00e4ndewaschen (konzentrierter Alkohol), Tragen einer Maske und Nasenspray<\/p>\n<p class=\"p1\" style=\"text-align: justify;\">&#8211; bei Verdacht auf Infektionsbeginn sofort Nasenspray und Gurgeln, mindestens morgens und mittags<\/p>\n<p class=\"p1\" style=\"text-align: justify;\">Wirkstoff des Nasensprays: Baby Shampoo verd\u00fcnnt (1%) mit physiologischer L\u00f6sung (9 g \/ l Salz); dieses Wirkstoff ist gegen alle Varianten von COVID-19 wirksam.<\/p>\n<p><img loading=\"lazy\" decoding=\"async\" class=\"size-medium wp-image-2613 alignleft\" src=\"https:\/\/www.entrelemanetjura.ch\/BLOG_WP_351\/wp-content\/uploads\/2021\/04\/2021.04-05-Baby-Shampoo-254x300.jpg\" alt=\"\" width=\"254\" height=\"300\" srcset=\"https:\/\/www.entrelemanetjura.ch\/BLOG_WP_351\/wp-content\/uploads\/2021\/04\/2021.04-05-Baby-Shampoo-254x300.jpg 254w, https:\/\/www.entrelemanetjura.ch\/BLOG_WP_351\/wp-content\/uploads\/2021\/04\/2021.04-05-Baby-Shampoo.jpg 342w\" sizes=\"auto, (max-width: 254px) 100vw, 254px\" \/><img loading=\"lazy\" decoding=\"async\" class=\"size-medium wp-image-2330 alignright\" src=\"https:\/\/www.entrelemanetjura.ch\/BLOG_WP_351\/wp-content\/uploads\/2020\/10\/2020.10-31-flacon-de-spray-nasal-15-ml-104x300.jpg\" alt=\"\" width=\"104\" height=\"300\" srcset=\"https:\/\/www.entrelemanetjura.ch\/BLOG_WP_351\/wp-content\/uploads\/2020\/10\/2020.10-31-flacon-de-spray-nasal-15-ml-104x300.jpg 104w, https:\/\/www.entrelemanetjura.ch\/BLOG_WP_351\/wp-content\/uploads\/2020\/10\/2020.10-31-flacon-de-spray-nasal-15-ml.jpg 270w\" sizes=\"auto, (max-width: 104px) 100vw, 104px\" \/><\/p>\n<p>&nbsp;<\/p>\n<p>&nbsp;<\/p>\n<p>&nbsp;<\/p>\n<p>&nbsp;<\/p>\n<p>&nbsp;<\/p>\n<p>&nbsp;<\/p>\n<p>&nbsp;<\/p>\n<p style=\"text-align: justify;\"><strong>Scientific sources:<\/strong> <a href=\"https:\/\/www.entrelemanetjura.ch\/BLOG_WP_351\/wp-content\/uploads\/2021\/04\/2021.03-06-Adjuvant-tue-SARS.pdf\" target=\"_blank\" rel=\"noopener noreferrer\">Adjuvant kills-SARS.pdf; see Craig Meyers et al<\/a><\/p>\n<p><strong>\/\/ Dokumentationsnotiz vom 21.4.2021<\/strong><\/p>\n<p style=\"text-align: justify;\">Anhand der Ergebnisse von Prof. Craig Meyers von der Penn State University (Philadelphia, USA) sehen wir, dass Sp\u00fclungen, Nasensprays und Gurgeln verwendet werden k\u00f6nnen, um alle COVID-19-Viren mit dem fl\u00fcssigen Adjuvans zu zerst\u00f6ren, das von seinen Kollegen vom Nasenchirurgen (HNO) verwendet wird; er verifizierte einfach, dass das Adjuvans auch f\u00fcr SARS-COV-2 viruzid war; <strong>dieses Adjuvans braucht daher nicht wie ein Medikament getestet zu werden, um sofort in Betrieb genommen zu werden<\/strong>: es wird bei Patienten nach einer HNO-Operation im Penn State <strong>bereits seit mehr als 10 Jahren zu Hause angewendet.<\/strong><\/p>\n<p style=\"text-align: right;\"><strong>\/\/ Ende der Dokumentationnotiz vom 21.4.2021<\/strong><\/p>\n<p style=\"text-align: right;\"><strong>Andr\u00e9 Bovay-Rohr, Colombier-sur-Morges, 5. April 2021<\/strong><\/p>\n","protected":false},"excerpt":{"rendered":"<p>Gegen diese SARS-COV-2-Viruserkrankung kann man unternehmen: &#8211; Vorbeugung durch H\u00e4ndewaschen (konzentrierter Alkohol), Tragen einer Maske und Nasenspray &#8211; bei Verdacht auf Infektionsbeginn sofort Nasenspray und Gurgeln, mindestens morgens und mittags Wirkstoff des Nasensprays: Baby Shampoo verd\u00fcnnt (1%) mit physiologischer L\u00f6sung &hellip; <a href=\"https:\/\/www.entrelemanetjura.ch\/BLOG_WP_351\/covid-19-muss-man-sich-pflegen-auf-deutsch\/\">Continuer la lecture <span class=\"meta-nav\">&rarr;<\/span><\/a><\/p>\n","protected":false},"author":1,"featured_media":0,"comment_status":"closed","ping_status":"open","sticky":false,"template":"","format":"standard","meta":{"footnotes":""},"categories":[416],"tags":[237,389],"class_list":["post-2607","post","type-post","status-publish","format-standard","hentry","category-medecine-personnelle","tag-bovay-rohr","tag-covid-19"],"_links":{"self":[{"href":"https:\/\/www.entrelemanetjura.ch\/BLOG_WP_351\/wp-json\/wp\/v2\/posts\/2607","targetHints":{"allow":["GET"]}}],"collection":[{"href":"https:\/\/www.entrelemanetjura.ch\/BLOG_WP_351\/wp-json\/wp\/v2\/posts"}],"about":[{"href":"https:\/\/www.entrelemanetjura.ch\/BLOG_WP_351\/wp-json\/wp\/v2\/types\/post"}],"author":[{"embeddable":true,"href":"https:\/\/www.entrelemanetjura.ch\/BLOG_WP_351\/wp-json\/wp\/v2\/users\/1"}],"replies":[{"embeddable":true,"href":"https:\/\/www.entrelemanetjura.ch\/BLOG_WP_351\/wp-json\/wp\/v2\/comments?post=2607"}],"version-history":[{"count":6,"href":"https:\/\/www.entrelemanetjura.ch\/BLOG_WP_351\/wp-json\/wp\/v2\/posts\/2607\/revisions"}],"predecessor-version":[{"id":2655,"href":"https:\/\/www.entrelemanetjura.ch\/BLOG_WP_351\/wp-json\/wp\/v2\/posts\/2607\/revisions\/2655"}],"wp:attachment":[{"href":"https:\/\/www.entrelemanetjura.ch\/BLOG_WP_351\/wp-json\/wp\/v2\/media?parent=2607"}],"wp:term":[{"taxonomy":"category","embeddable":true,"href":"https:\/\/www.entrelemanetjura.ch\/BLOG_WP_351\/wp-json\/wp\/v2\/categories?post=2607"},{"taxonomy":"post_tag","embeddable":true,"href":"https:\/\/www.entrelemanetjura.ch\/BLOG_WP_351\/wp-json\/wp\/v2\/tags?post=2607"}],"curies":[{"name":"wp","href":"https:\/\/api.w.org\/{rel}","templated":true}]}}