{"id":2173,"date":"2020-10-06T18:22:08","date_gmt":"2020-10-06T16:22:08","guid":{"rendered":"https:\/\/www.entrelemanetjura.ch\/BLOG_WP_351\/?p=2173"},"modified":"2021-04-08T17:54:50","modified_gmt":"2021-04-08T15:54:50","slug":"climat-et-co2-expert-en-histoire-des-sciences-prof-jean-claude-pont","status":"publish","type":"post","link":"https:\/\/www.entrelemanetjura.ch\/BLOG_WP_351\/climat-et-co2-expert-en-histoire-des-sciences-prof-jean-claude-pont\/","title":{"rendered":"Climat et CO2 &#8211; Expert en Histoire et philosophie des sciences: Prof. Jean-Claude PONT"},"content":{"rendered":"<p><img loading=\"lazy\" decoding=\"async\" class=\"aligncenter wp-image-2497 size-large\" src=\"https:\/\/www.entrelemanetjura.ch\/BLOG_WP_351\/wp-content\/uploads\/2020\/12\/2020.11-23-Pont-photo-1024x656.jpeg\" alt=\"\" width=\"640\" height=\"410\" srcset=\"https:\/\/www.entrelemanetjura.ch\/BLOG_WP_351\/wp-content\/uploads\/2020\/12\/2020.11-23-Pont-photo-1024x656.jpeg 1024w, https:\/\/www.entrelemanetjura.ch\/BLOG_WP_351\/wp-content\/uploads\/2020\/12\/2020.11-23-Pont-photo-300x192.jpeg 300w, https:\/\/www.entrelemanetjura.ch\/BLOG_WP_351\/wp-content\/uploads\/2020\/12\/2020.11-23-Pont-photo-768x492.jpeg 768w, https:\/\/www.entrelemanetjura.ch\/BLOG_WP_351\/wp-content\/uploads\/2020\/12\/2020.11-23-Pont-photo.jpeg 1280w\" sizes=\"auto, (max-width: 640px) 100vw, 640px\" \/><\/p>\n<p class=\"p3\" style=\"text-align: justify;\"><span class=\"s1\"><strong>Jean-Claude Pont<\/strong> est n\u00e9 \u00e0 Sierre en 1941, mais c&rsquo;est un Anniviard. Mariage en 1967 avec Christine Hagman, trois enfants, l&rsquo;a\u00een\u00e9 en 1979. <\/span><\/p>\n<p>&nbsp;<\/p>\n<p><strong>Biographie professionnelle<\/strong><\/p>\n<p class=\"p1\">Dipl\u00f4me math\u00e9matiques, EPFZ, 1965.<\/p>\n<p class=\"p1\">Doctorat math\u00e9matiques, EPFZ, 1970.<\/p>\n<p class=\"p1\">Professeur de math\u00e9matiques au Lyc\u00e9e-Coll\u00e8ge de Sion, (1965-1989).<\/p>\n<p class=\"p1\">Chercheur au Fonds national suisse pour la recherche scientifique.<\/p>\n<p class=\"p1\" style=\"text-align: justify;\">Professeur ordinaire Histoire et Philosophie des sciences \u00e0 Unige. Titulaire de la chaire (1989-2006).<\/p>\n<p class=\"p2\" style=\"text-align: justify;\">Directeur du D\u00e9partement de Philosophie de l\u2019Universit\u00e9 de Gen\u00e8ve (1995-1999).<\/p>\n<p class=\"p2\" style=\"text-align: justify;\">Pr\u00e9sident de l\u2019Association des Professeurs de l\u2019Universit\u00e9 de Gen\u00e8ve (1997-2000).<\/p>\n<p class=\"p4\" style=\"text-align: justify;\">Professeur invit\u00e9 \u00e0 l\u2019Ecole des Hautes Etudes en Sciences sociales (EHSS), Paris\u00a0, mai-juin 2000.<\/p>\n<p class=\"p1\" style=\"text-align: justify;\">Prix Arnold Reymond de philosophie des sciences pour la d\u00e9cennie 1974-1983.<\/p>\n<p class=\"p1\" style=\"text-align: justify;\">Laur\u00e9at 1998 du prix Ruenzi, au titre de la philosophie des sciences et du sport en Valais.<\/p>\n<p>&nbsp;<\/p>\n<p class=\"p2\"><strong>Guide de haute montagne<\/strong> dipl\u00f4m\u00e9, 1966.<\/p>\n<p class=\"p2\" style=\"text-align: justify;\">Cr\u00e9ateur et organisateur de la Course Sierre-Zinal, 1974-2015.<\/p>\n<p class=\"p2\" style=\"text-align: justify;\">Cr\u00e9ation et direction (avec B. Crettaz) de la Collection \u00ab\u00a0M\u00e9moire vivante\u00a0\u00bb (25 ouvrages publi\u00e9s).<\/p>\n<p class=\"p6\" style=\"text-align: justify;\">Cr\u00e9ateur (avec Georges Meynet) du Chemin des Plan\u00e8tes de St Luc et de l\u2019Observatoire d\u2019astronomie Fran\u00e7ois-Xavier-Bagnoud \u00e0 Tignousa (St Luc). Pr\u00e9sident du Conseil de Fondation (1986-2008).<\/p>\n<p>&nbsp;<\/p>\n<p class=\"p1\"><b>Nombreux livres et publications.<\/b> En particulier\u00a0:<\/p>\n<p class=\"p1\" style=\"text-align: justify;\"><i>\u2013 <\/i>La topologies alg\u00e9brique des origines \u00e0 Poincar\u00e9, Presses Universitaires de Fance, Paris, 1974.<\/p>\n<p class=\"p1\" style=\"text-align: justify;\">&#8211; <i>L\u2019aventure des parall\u00e8les. Histoire de la g\u00e9om\u00e9trie non euclidienne\u00a0: pr\u00e9curseurs et attard\u00e9s<\/i>, Berne-Francfort-New York, Peter Lang, 1986, 736p.<\/p>\n<p class=\"p6\" style=\"text-align: justify;\"><i>&#8211; Collected Works of Charles Fran\u00e7ois Sturm<\/i>, Birkh\u00e4user Verlag AK, Basel, 2009.<\/p>\n<p class=\"p7\" style=\"text-align: justify;\"><span class=\"s1\">&#8211; <\/span><i>Le R\u00e9seau sant\u00e9 Valais dans la Tourmente<\/i>, Sierre, 2011.<\/p>\n<p class=\"p7\" style=\"text-align: justify;\"><span class=\"s1\">&#8211; <\/span><i>La Balade de la m\u00e9diane et le Th\u00e9or\u00e8me de Pythagoron<\/i>, Editions du Tricorne, Gen\u00e8ve (2012).<\/p>\n<p class=\"p6\" style=\"text-align: justify;\">\u2013 \u00ab\u00a0Epist\u00e9mologie et m\u00e9thodologie dans l\u2019\u0153uvre de Galil\u00e9e\u00a0\u00bb, <i>Anabase<\/i>, 15 (2012), pp. 163-182.<\/p>\n<p class=\"p6\" style=\"text-align: justify;\"><span class=\"s2\">&#8211; <i>Le destin douloureux de Walther Ritz (1878-1909) physicien valaisan de g\u00e9nie<\/i>, <\/span> \u2018Cahiers de Vallesia \u2013 Beihefte zu Vallesia\u2019 24. Sion, Centre Rhodanien d\u2019Impression SA, 2012.<\/p>\n<p class=\"p6\" style=\"text-align: justify;\">\u2013\u00a0<i>Courir dans une cath\u00e9drale. Sierre-Zinal 1974-2013<\/i>, Monographic, Sierre, 2013.<\/p>\n<p class=\"p1\"><b>Du c\u00f4t\u00e9 des affaires du climat\u00a0:<\/b><\/p>\n<p class=\"p1\" style=\"text-align: justify;\"><i>Le vrai, le faux et l\u2019incertain dans les th\u00e8ses du r\u00e9chauffement climatique, Sierre, <\/i>2017, 235p.<\/p>\n<p class=\"p1\" style=\"text-align: justify;\">Apr\u00e8s la parution de ce livre, Jean-Claude Pont a publi\u00e9 15 <i>Lettres d\u2019information sur le climat, <\/i>en moyenne 10 pages par Lettres.<\/p>\n<p class=\"p2\" style=\"text-align: justify;\"><b>Bibliographie\u00a0des Lettres<\/b><\/p>\n<p class=\"p1\"><i>L\u00e9gende: le signe # signifie \u00ab\u00a0Num\u00e9ro de la lettre\u00a0\u00bb<\/i><\/p>\n<p class=\"p7\" style=\"text-align: justify;\">\u2013\u00a0<a href=\"https:\/\/www.entrelemanetjura.ch\/BLOG_WP_351\/wp-content\/uploads\/2020\/10\/2018.01-23-info-01.pdf\" target=\"_blank\" rel=\"noopener noreferrer\"><span class=\"s3\">Climat. Lettre d\u2019introduction, #1<\/span><\/a>, 23.1.2018.<\/p>\n<p class=\"p7\" style=\"text-align: justify;\">\u2013\u00a0<a href=\"https:\/\/www.entrelemanetjura.ch\/BLOG_WP_351\/wp-content\/uploads\/2020\/10\/2018.02-03-info-02.pdf\" target=\"_blank\" rel=\"noopener noreferrer\"><span class=\"s3\">Climat. L\u2019affaire d\u2019un verdissement r\u00e9cent de l\u2019Antarctique et ses manipulations #2<\/span><\/a>, 3.2.2018.<\/p>\n<p class=\"p7\" style=\"text-align: justify;\">\u2013\u00a0<a href=\"https:\/\/www.entrelemanetjura.ch\/BLOG_WP_351\/wp-content\/uploads\/2020\/10\/2018.02-25-info-03.pdf\" target=\"_blank\" rel=\"noopener noreferrer\"><span class=\"s3\">GIEC. Au coeur des manigances: la Temp\u00e9rature (1), #3<\/span><\/a>, 25.2.2018.<\/p>\n<p class=\"p7\" style=\"text-align: justify;\">\u2013\u00a0<a href=\"https:\/\/www.entrelemanetjura.ch\/BLOG_WP_351\/wp-content\/uploads\/2020\/10\/2018.03-28-info-04.pdf\" target=\"_blank\" rel=\"noopener noreferrer\"><span class=\"s3\">R\u00e9ponse du Pr. hon. Jean-Claude Pont \u00e0 la lettre ouverte du Pr. hon. Daniel Favrat, #4<\/span><\/a>, 28.3.2018<\/p>\n<p class=\"p7\" style=\"text-align: justify;\">\u2013\u00a0<a href=\"https:\/\/www.entrelemanetjura.ch\/BLOG_WP_351\/wp-content\/uploads\/2020\/10\/2018.05-14-info-05.pdf\" target=\"_blank\" rel=\"noopener noreferrer\"><span class=\"s3\">GIEC. Au coeur des manigances: La Temp\u00e9rature (2). Le \u00abhiatus\u00bb, #5<\/span><\/a>, 14.5.2018.<\/p>\n<p class=\"p7\" style=\"text-align: justify;\">\u2013\u00a0<a href=\"https:\/\/www.entrelemanetjura.ch\/BLOG_WP_351\/wp-content\/uploads\/2020\/10\/2018.06-26-info-06.pdf\" target=\"_blank\" rel=\"noopener noreferrer\"><span class=\"s3\">Consensus, vous avez dit consensus ? #6<\/span><\/a>, 26.6.2018.<\/p>\n<p class=\"p7\" style=\"text-align: justify;\">\u2013\u00a0<a href=\"https:\/\/www.entrelemanetjura.ch\/BLOG_WP_351\/wp-content\/uploads\/2020\/10\/2018.08-31-info-07.pdf\" target=\"_blank\" rel=\"noopener noreferrer\"><span class=\"s3\">Climat. Quelques commentaires sur quelques commentaires, #7<\/span><\/a>, 31.8.2018<\/p>\n<p class=\"p7\" style=\"text-align: justify;\">\u2013\u00a0<a href=\"https:\/\/www.tdg.ch\/monde\/trois-theses-discutables-giec\/story\/19645621\" target=\"_blank\" rel=\"noopener noreferrer\"><span class=\"s3\">Les trois th\u00e8ses discutables du GIEC<\/span><\/a>, tdg.ch, 12.10.2018<\/p>\n<p class=\"p7\" style=\"text-align: justify;\">\u2013\u00a0<a href=\"https:\/\/www.entrelemanetjura.ch\/BLOG_WP_351\/wp-content\/uploads\/2020\/10\/2018.11-20-info-08.pdf\" target=\"_blank\" rel=\"noopener noreferrer\"><span class=\"s3\">D\u00e9bats sur le Climat: de la n\u00e9cessit\u00e9 de l\u2019Histoire du Climat, #8<\/span><\/a>, 20.11.2018.<\/p>\n<p class=\"p7\" style=\"text-align: justify;\">\u2013\u00a0<a href=\"https:\/\/www.entrelemanetjura.ch\/BLOG_WP_351\/wp-content\/uploads\/2020\/10\/2019.01-30-info-09.pdf\" target=\"_blank\" rel=\"noopener noreferrer\"><span class=\"s3\">La transition \u00e9nerg\u00e9tique: la mouche du coche, #9<\/span><\/a>, 30.1.2019.<\/p>\n<p class=\"p7\" style=\"text-align: justify;\">\u2013\u00a0<a href=\"https:\/\/www.entrelemanetjura.ch\/BLOG_WP_351\/wp-content\/uploads\/2020\/10\/2019.03-19-info-10.pdf\" target=\"_blank\" rel=\"noopener noreferrer\"><span class=\"s3\">\u00abL\u2019appel des chercheurs \u00e0 la gr\u00e8ve climatique\u00bb Le Temps, 21 f\u00e9vrier 2019, #10<\/span><\/a>, 19.3.2019.<\/p>\n<p class=\"p7\" style=\"text-align: justify;\">\u2013\u00a0<a href=\"https:\/\/www.entrelemanetjura.ch\/BLOG_WP_351\/wp-content\/uploads\/2020\/10\/2019.08-02-info-11.pdf\" target=\"_blank\" rel=\"noopener noreferrer\"><span class=\"s3\">Le pseudo-consensus des scientifiques: la p\u00e9tition des Italiens, #11<\/span><\/a>, 2.8.2019.<\/p>\n<p class=\"p7\" style=\"text-align: justify;\">\u2013\u00a0<a href=\"https:\/\/www.entrelemanetjura.ch\/BLOG_WP_351\/wp-content\/uploads\/2020\/10\/2019.11-13-info-12.pdf\" target=\"_blank\" rel=\"noopener noreferrer\"><span class=\"s3\">Climatologie. Aspects de la d\u00e9sinformation actuelle, #12<\/span><\/a>, 13.11.2019.<\/p>\n<p class=\"p7\" style=\"text-align: justify;\">\u2013\u00a0<a href=\"https:\/\/www.entrelemanetjura.ch\/BLOG_WP_351\/wp-content\/uploads\/2020\/10\/2020.02-26-info-13.pdf\" target=\"_blank\" rel=\"noopener noreferrer\"><span class=\"s3\">\u00abConfessions d\u2019un climatologue: l\u2019hypoth\u00e8se du r\u00e9chauffement climatique est une hypoth\u00e8se non prouv\u00e9e\u00bb Un livre de Mototaka Nakamura, #13<\/span><\/a>, 26.2.2020.<\/p>\n<p class=\"p7\" style=\"text-align: justify;\">\u2013\u00a0<a href=\"https:\/\/www.entrelemanetjura.ch\/BLOG_WP_351\/wp-content\/uploads\/2020\/10\/2020.07-26-info-14.pdf\" target=\"_blank\" rel=\"noopener noreferrer\"><span class=\"s3\">Une bombe dans les milieux de l\u2019environnementalisme climatologique \u2026 un\u00a0ex-militant s\u2019excuse \u2026, #14<\/span><\/a>, 26.7.2020.<\/p>\n<p class=\"p7\" style=\"text-align: justify;\">\u2013 Sur la nature id\u00e9ologico-politique de la climatologie officielle dans les affaires du CO2 \/\u00a0<a href=\"https:\/\/www.entrelemanetjura.ch\/BLOG_WP_351\/wp-content\/uploads\/2020\/10\/2020.09-24-info-15.pdf\" target=\"_blank\" rel=\"noopener noreferrer\"><span class=\"s3\">Histoire d\u2019une mystification, #15<\/span><\/a>, 24.9.2020.<\/p>\n<p>&#8211; <span style=\"color: #000000;\"><a style=\"color: #000000;\" href=\"https:\/\/www.entrelemanetjura.ch\/BLOG_WP_351\/wp-content\/uploads\/2020\/10\/lettre-16-18-mars-.pdf\" target=\"_blank\" rel=\"noopener noreferrer\">Y a-t-il augmentation des catastrophes naturelles ? La r\u00e9ponse est non! <\/a><\/span><a href=\"https:\/\/www.entrelemanetjura.ch\/BLOG_WP_351\/wp-content\/uploads\/2020\/10\/lettre-16-18-mars-.pdf\" target=\"_blank\" rel=\"noopener noreferrer\">\/ Lettre #16 &#8211; 18 mars.pdf<\/a><\/p>\n<p style=\"text-align: right;\"><strong>R\u00e9vis\u00e9 par Jean-Claude Pont le 23.11.2020;<\/strong> l&rsquo;\u00e9diteur, le 10.12.2020<\/p>\n<p style=\"text-align: right;\">R\u00e9v. par l&rsquo;\u00e9diteur (lettre #16) 8.4.2021<\/p>\n<p><strong>Citation<\/strong><\/p>\n<p style=\"text-align: justify;\"><a href=\"https:\/\/claude-rochet.fr\/une-verite-qui-derange-le-rechauffement-climatique-ralentit\/\" target=\"_blank\" rel=\"noopener noreferrer\">Une v\u00e9rit\u00e9 qui d\u00e9range: le r\u00e9chauffement climatique ralentit,<\/a>\u00a0Claude Rochet, 10 ao\u00fbt 2018.<\/p>\n<p>&nbsp;<\/p>\n","protected":false},"excerpt":{"rendered":"<p>Jean-Claude Pont est n\u00e9 \u00e0 Sierre en 1941, mais c&rsquo;est un Anniviard. Mariage en 1967 avec Christine Hagman, trois enfants, l&rsquo;a\u00een\u00e9 en 1979. &nbsp; Biographie professionnelle Dipl\u00f4me math\u00e9matiques, EPFZ, 1965. Doctorat math\u00e9matiques, EPFZ, 1970. Professeur de math\u00e9matiques au Lyc\u00e9e-Coll\u00e8ge de &hellip; <a href=\"https:\/\/www.entrelemanetjura.ch\/BLOG_WP_351\/climat-et-co2-expert-en-histoire-des-sciences-prof-jean-claude-pont\/\">Continuer la lecture <span class=\"meta-nav\">&rarr;<\/span><\/a><\/p>\n","protected":false},"author":1,"featured_media":0,"comment_status":"closed","ping_status":"open","sticky":false,"template":"","format":"standard","meta":{"footnotes":""},"categories":[415,142,343,9],"tags":[237,410,68,24,371,372,460],"class_list":["post-2173","post","type-post","status-publish","format-standard","hentry","category-histoire-des-sciences","category-politique","category-science-de-latmosphere","category-suissepays","tag-bovay-rohr","tag-biographie","tag-climatologie","tag-co2","tag-giec","tag-jean-claude-pont","tag-mystification"],"_links":{"self":[{"href":"https:\/\/www.entrelemanetjura.ch\/BLOG_WP_351\/wp-json\/wp\/v2\/posts\/2173","targetHints":{"allow":["GET"]}}],"collection":[{"href":"https:\/\/www.entrelemanetjura.ch\/BLOG_WP_351\/wp-json\/wp\/v2\/posts"}],"about":[{"href":"https:\/\/www.entrelemanetjura.ch\/BLOG_WP_351\/wp-json\/wp\/v2\/types\/post"}],"author":[{"embeddable":true,"href":"https:\/\/www.entrelemanetjura.ch\/BLOG_WP_351\/wp-json\/wp\/v2\/users\/1"}],"replies":[{"embeddable":true,"href":"https:\/\/www.entrelemanetjura.ch\/BLOG_WP_351\/wp-json\/wp\/v2\/comments?post=2173"}],"version-history":[{"count":24,"href":"https:\/\/www.entrelemanetjura.ch\/BLOG_WP_351\/wp-json\/wp\/v2\/posts\/2173\/revisions"}],"predecessor-version":[{"id":2625,"href":"https:\/\/www.entrelemanetjura.ch\/BLOG_WP_351\/wp-json\/wp\/v2\/posts\/2173\/revisions\/2625"}],"wp:attachment":[{"href":"https:\/\/www.entrelemanetjura.ch\/BLOG_WP_351\/wp-json\/wp\/v2\/media?parent=2173"}],"wp:term":[{"taxonomy":"category","embeddable":true,"href":"https:\/\/www.entrelemanetjura.ch\/BLOG_WP_351\/wp-json\/wp\/v2\/categories?post=2173"},{"taxonomy":"post_tag","embeddable":true,"href":"https:\/\/www.entrelemanetjura.ch\/BLOG_WP_351\/wp-json\/wp\/v2\/tags?post=2173"}],"curies":[{"name":"wp","href":"https:\/\/api.w.org\/{rel}","templated":true}]}}