{"id":1995,"date":"2019-12-16T19:04:47","date_gmt":"2019-12-16T18:04:47","guid":{"rendered":"http:\/\/www.entrelemanetjura.ch\/BLOG_WP_351\/?p=1995"},"modified":"2019-12-16T19:04:47","modified_gmt":"2019-12-16T18:04:47","slug":"arret-de-muhleberg-la-sottise-du-siecle","status":"publish","type":"post","link":"https:\/\/www.entrelemanetjura.ch\/BLOG_WP_351\/arret-de-muhleberg-la-sottise-du-siecle\/","title":{"rendered":"Arr\u00eat de M\u00fchleberg &#8211; la sottise du si\u00e8cle"},"content":{"rendered":"<p class=\"p1\"><span class=\"s1\"><b>Communiqu\u00e9\u00a0<\/b><\/span><\/p>\n<p class=\"p1\"><span class=\"s1\"><b>Copie: Mme la Pr\u00e9sidente\u00a0<\/b><\/span><span class=\"s2\"><b>Simonetta Sommaruga<\/b><\/span><\/p>\n<p class=\"p1\" style=\"text-align: justify;\"><span class=\"s1\">Le 20 d\u00e9cembre 2019, au solstice d\u2019hiver, dans 4 jours, est pr\u00e9vu l\u2019arr\u00eat de la centrale nucl\u00e9aire de M\u00fchleberg,\u00a0<\/span><span class=\"s1\">la plus petite des centrales nucl\u00e9aires de Suisse. Or les sources d\u2019\u00e9lectricit\u00e9 comme panneaux photovolta\u00efques\u00a0<\/span><span class=\"s1\">et \u00e9oliennes, \u00e0 productions intermittentes, ne conviennent pas pour la remplacer, quels que soient leur nombre\u00a0<\/span><span class=\"s1\">ou leur puissance; <b>c\u2019est un fait connu par le calcul et document\u00e9 depuis des ann\u00e9es, contrairement \u00e0 des\u00a0<\/b><\/span><span class=\"s1\"><b>propos r\u00e9p\u00e9t\u00e9s publiquement: la strat\u00e9gie \u00e9nerg\u00e9tique officielle n\u2019a h\u00e9las aucune chance de fonctionner<\/b> \u2026\u00a0<\/span><span class=\"s1\">Or pour construire une nouvelle centrale, apr\u00e8s avoir surmont\u00e9 la peur et les obstacles, il faudra au mieux dans\u00a0<\/span><span class=\"s1\">les 10 ans.\u00a0<\/span><\/p>\n<p class=\"p1\" style=\"text-align: justify;\"><span class=\"s1\">Pour avoir volontairement ignor\u00e9 ces contraintes, il y aura pour les consommateurs une terrible punition durable:\u00a0<\/span><span class=\"s1\">comme le remplacement se fera par des importations, g\u00e9n\u00e9ralement aux plus mauvais moments de l\u2019hiver &#8211;\u00a0<\/span><span class=\"s1\">les pays voisins ou europ\u00e9ens n\u2019\u00e9tant pas au mieux de leur forme, avec leurs vieilles sources d\u2019\u00e9lectricit\u00e9 &#8211;\u00a0<\/span><span class=\"s1\"><b>il s\u2019ensuivra des coupures de courant prolong\u00e9es (connues aussi sous le nom de \u00abblack-outs\u00bb)<\/b>.\u00a0<\/span><span class=\"s1\">Il faudra beaucoup de chance, de mauvaises saisons tr\u00e8s cl\u00e9mentes, pour y \u00e9chapper \u2026\u00a0<\/span><\/p>\n<p class=\"p1\" style=\"text-align: center;\"><span class=\"s1\">Ce n\u2019est pas exactement la s\u00e9curit\u00e9 d\u2019approvisionnement que nous garantit la l\u00e9gislation !\u00a0<\/span>\u00a0 <strong>\u00a0 \u00a0*\u00a0 \u00a0*\u00a0 \u00a0*<\/strong><\/p>\n<p><strong>B<span class=\"s3\">ibliographie jointe:\u00a0<\/span><\/strong><\/p>\n<p><span class=\"s3\"><a href=\"http:\/\/www.entrelemanetjura.ch\/BLOG_WP_351\/remplacer-muhleberg-nucleaire-exclu\/\" target=\"_blank\">Remplacer M\u00fchleberg nucl\u00e9aire ? Exclu !<\/a><\/span><\/p>\n<p class=\"p3\"><span class=\"s3\"><a href=\"http:\/\/www.entrelemanetjura.ch\/BLOG_WP_351\/detruire-sans-peur-les-dechets-nucleaires\/\" target=\"_blank\">D\u00e9truire sans peur les d\u00e9chets nucl\u00e9aires !<\/a>\u00a0<\/span><\/p>\n<p class=\"p3\"><strong>Ont re\u00e7u ce communiqu\u00e9 ce jour:\u00a0<\/strong><\/p>\n<p class=\"p3\" style=\"text-align: justify;\">Chancellerie f\u00e9d\u00e9rale (pour la Pr\u00e9sidente de la Conf\u00e9d\u00e9ration)- a accus\u00e9 r\u00e9ception, Office f\u00e9d\u00e9ral de l&rsquo;\u00e9nergie, Etat de Vaud (Direction de l&rsquo;\u00e9nergie DGE-DIREN), Commune d&rsquo;Echichens.<\/p>\n<p class=\"p3\" style=\"text-align: justify;\">Presse: 24Heures, Le Temps, le TJ de la RTS, Le Matin (internet), 20 Minutes, Journal de Morges, ATS<\/p>\n<p class=\"p3\" style=\"text-align: right;\"><strong>Andr\u00e9 Bovay-Rohr, Colombier-sur-Morges, le 16 d\u00e9cembre 2019<\/strong><\/p>\n","protected":false},"excerpt":{"rendered":"<p>Communiqu\u00e9\u00a0 Copie: Mme la Pr\u00e9sidente\u00a0Simonetta Sommaruga Le 20 d\u00e9cembre 2019, au solstice d\u2019hiver, dans 4 jours, est pr\u00e9vu l\u2019arr\u00eat de la centrale nucl\u00e9aire de M\u00fchleberg,\u00a0la plus petite des centrales nucl\u00e9aires de Suisse. Or les sources d\u2019\u00e9lectricit\u00e9 comme panneaux photovolta\u00efques\u00a0et \u00e9oliennes, &hellip; <a href=\"https:\/\/www.entrelemanetjura.ch\/BLOG_WP_351\/arret-de-muhleberg-la-sottise-du-siecle\/\">Continuer la lecture <span class=\"meta-nav\">&rarr;<\/span><\/a><\/p>\n","protected":false},"author":1,"featured_media":0,"comment_status":"closed","ping_status":"open","sticky":false,"template":"","format":"standard","meta":{"footnotes":""},"categories":[8,64,10,142,9],"tags":[59,237,15,93,26,17],"class_list":["post-1995","post","type-post","status-publish","format-standard","hentry","category-energie-2","category-energies-renouvelables","category-nucleaire-civil-2","category-politique","category-suissepays","tag-59","tag-bovay-rohr","tag-centrales-electriques","tag-derapage-federal","tag-electricite","tag-scandale-dincompetence"],"_links":{"self":[{"href":"https:\/\/www.entrelemanetjura.ch\/BLOG_WP_351\/wp-json\/wp\/v2\/posts\/1995","targetHints":{"allow":["GET"]}}],"collection":[{"href":"https:\/\/www.entrelemanetjura.ch\/BLOG_WP_351\/wp-json\/wp\/v2\/posts"}],"about":[{"href":"https:\/\/www.entrelemanetjura.ch\/BLOG_WP_351\/wp-json\/wp\/v2\/types\/post"}],"author":[{"embeddable":true,"href":"https:\/\/www.entrelemanetjura.ch\/BLOG_WP_351\/wp-json\/wp\/v2\/users\/1"}],"replies":[{"embeddable":true,"href":"https:\/\/www.entrelemanetjura.ch\/BLOG_WP_351\/wp-json\/wp\/v2\/comments?post=1995"}],"version-history":[{"count":1,"href":"https:\/\/www.entrelemanetjura.ch\/BLOG_WP_351\/wp-json\/wp\/v2\/posts\/1995\/revisions"}],"predecessor-version":[{"id":1996,"href":"https:\/\/www.entrelemanetjura.ch\/BLOG_WP_351\/wp-json\/wp\/v2\/posts\/1995\/revisions\/1996"}],"wp:attachment":[{"href":"https:\/\/www.entrelemanetjura.ch\/BLOG_WP_351\/wp-json\/wp\/v2\/media?parent=1995"}],"wp:term":[{"taxonomy":"category","embeddable":true,"href":"https:\/\/www.entrelemanetjura.ch\/BLOG_WP_351\/wp-json\/wp\/v2\/categories?post=1995"},{"taxonomy":"post_tag","embeddable":true,"href":"https:\/\/www.entrelemanetjura.ch\/BLOG_WP_351\/wp-json\/wp\/v2\/tags?post=1995"}],"curies":[{"name":"wp","href":"https:\/\/api.w.org\/{rel}","templated":true}]}}