{"id":1907,"date":"2018-04-30T00:01:22","date_gmt":"2018-04-29T22:01:22","guid":{"rendered":"http:\/\/www.entrelemanetjura.ch\/BLOG_WP_351\/?p=1907"},"modified":"2018-05-24T16:57:44","modified_gmt":"2018-05-24T14:57:44","slug":"electricite-suisse-et-vaudoise-un-avenir-de-penuries-et-de-rationnements","status":"publish","type":"post","link":"https:\/\/www.entrelemanetjura.ch\/BLOG_WP_351\/electricite-suisse-et-vaudoise-un-avenir-de-penuries-et-de-rationnements\/","title":{"rendered":"Electricit\u00e9 suisse et vaudoise: un avenir de p\u00e9nuries et de rationnements"},"content":{"rendered":"<p style=\"text-align: justify;\"><em>Lettre de lecteur, publi\u00e9e dans 24 Heures du Vendredi 20 avril 2018, sous le titre modifi\u00e9 de \u00ab\u00a0Energie \u00e9olienne, Un avenir de p\u00e9nuries et de rationnements\u00a0\u00bb. Le texte ci-dessous comprend des renvois vers des articles existants du blog;\u00a0 l&rsquo;\u00e9diteur.<\/em><\/p>\n<p class=\"p1\" style=\"text-align: justify;\"><span class=\"s1\">De petites unit\u00e9s de production ne feront pas l\u2019affaire pour alimenter pendant les 8\u2019760 heures de l\u2019ann\u00e9e\u00a0<\/span><span class=\"s1\">nos m\u00e9nages, nos communes et nos industries en \u00e9lectricit\u00e9 de qualit\u00e9, en quantit\u00e9s suffisantes.\u00a0<\/span><span class=\"s1\">Un parc photovolta\u00efque produit du courant pendant environ 960 heures\/an \u00e0 puissance correcte et\u00a0<\/span><span class=\"s1\">une \u00e9olienne quand souffle un vent suffisant, \u00e0 savoir environ 1\u2019660 heures\/an et ils ne sont pas\u00a0<\/span><span class=\"s1\">compl\u00e9mentaires.\u00a0<\/span><span class=\"s1\">Le reste du temps, il faut pouvoir compter sur un r\u00e9seau stable et beaucoup plus puissant. <a href=\"http:\/\/www.entrelemanetjura.ch\/BLOG_WP_351\/remplacer-du-nucleaire-par-des-energies-renouvelables-est-physiquement-exclu-demonstration-scientifique-suisse\/\" target=\"_blank\">Les simulations\u00a0<\/a><\/span><span class=\"s1\">livr\u00e9es par l\u2019EPFL (avec son Energyscope) montrent qu\u2019une consommation raisonnable va imposer de\u00a0<\/span><span class=\"s1\">remplacer l\u2019entier des centrales nucl\u00e9aires par des importations, \u00e0 supposer que nos barrages continuent\u00a0<\/span><span class=\"s1\">\u00e0 livrer leur courant fid\u00e8lement et parviennent \u00e0 stabiliser un r\u00e9seau ainsi malmen\u00e9.\u00a0<\/span><span class=\"s1\"><b>Que les pays voisins ne puissent pas livrer ce courant, on dira alors aux petits Suisses: d\u00e9brouillez-vous !\u00a0<\/b><\/span><\/p>\n<p class=\"p1\" style=\"text-align: justify;\"><span class=\"s1\">Donc l\u2019avenir le plus probable que l\u2019OFEN de M. Beno\u00eet Revaz nous pr\u00e9pare: baisse de qualit\u00e9, <a href=\"http:\/\/www.entrelemanetjura.ch\/BLOG_WP_351\/penuries-de-70-2\/\" target=\"_blank\">p\u00e9nuries<\/a> et\u00a0<\/span><span class=\"s1\"><a href=\"http:\/\/www.entrelemanetjura.ch\/BLOG_WP_351\/transition-energetique-en-echec-a-quand-le-rationnement\/\" target=\"_blank\">rationnement<\/a> d\u2019\u00e9lectricit\u00e9 &#8211; c\u2019\u00e9tait d\u00e9j\u00e0 \u00e0 port\u00e9e de calculette d&rsquo;ing\u00e9nieur <a href=\"http:\/\/www.entrelemanetjura.ch\/BLOG_WP_351\/transition-energetique-en-suisse-un-piege\/\" target=\"_blank\">il y a bien des ann\u00e9es<\/a>.\u00a0<\/span><\/p>\n<p class=\"p1\" style=\"text-align: right;\"><strong>Andr\u00e9 Bovay-Rohr, Colombier-sur-Morges, 17 avril 2018<\/strong><\/p>\n<p class=\"p1\" style=\"text-align: justify;\"><strong>Bibliographie<\/strong><\/p>\n<p class=\"p1\" style=\"text-align: justify;\"><span class=\"s1\">\u00a7 Article de MM. Ansermoz (R\u00e9dacteur en Chef) et Le Bec, du lundi 16 avril 2018 (page 3), de titre\u00a0<\/span><span class=\"s1\">\u00ab\u00a0L\u2019avenir est aux petites unit\u00e9s de production\u00a0\u00bb, entretien avec le Directeur de l&rsquo;Office f\u00e9d\u00e9ral de l&rsquo;\u00e9nergie (OFEN).\u00a0<\/span><\/p>\n<p class=\"p1\" style=\"text-align: justify;\">\u00a7 Message au Forum des 100:\u00a0\u00a0<a href=\"http:\/\/www.entrelemanetjura.ch\/BLOG_WP_351\/wp-content\/uploads\/2018\/04\/2018.05-24-Forum-des-100.pdf\">2018-05-24-forum-des-100<\/a><\/p>\n<p class=\"p1\" style=\"text-align: justify;\">\n<p class=\"p1\" style=\"text-align: justify;\">\n","protected":false},"excerpt":{"rendered":"<p>Lettre de lecteur, publi\u00e9e dans 24 Heures du Vendredi 20 avril 2018, sous le titre modifi\u00e9 de \u00ab\u00a0Energie \u00e9olienne, Un avenir de p\u00e9nuries et de rationnements\u00a0\u00bb. Le texte ci-dessous comprend des renvois vers des articles existants du blog;\u00a0 l&rsquo;\u00e9diteur. De &hellip; <a href=\"https:\/\/www.entrelemanetjura.ch\/BLOG_WP_351\/electricite-suisse-et-vaudoise-un-avenir-de-penuries-et-de-rationnements\/\">Continuer la lecture <span class=\"meta-nav\">&rarr;<\/span><\/a><\/p>\n","protected":false},"author":1,"featured_media":0,"comment_status":"closed","ping_status":"open","sticky":false,"template":"","format":"standard","meta":{"footnotes":""},"categories":[64,9],"tags":[237,34,26,375,376,130],"class_list":["post-1907","post","type-post","status-publish","format-standard","hentry","category-energies-renouvelables","category-suissepays","tag-bovay-rohr","tag-berne","tag-electricite","tag-penuries","tag-rationnement","tag-vaud-canton"],"_links":{"self":[{"href":"https:\/\/www.entrelemanetjura.ch\/BLOG_WP_351\/wp-json\/wp\/v2\/posts\/1907","targetHints":{"allow":["GET"]}}],"collection":[{"href":"https:\/\/www.entrelemanetjura.ch\/BLOG_WP_351\/wp-json\/wp\/v2\/posts"}],"about":[{"href":"https:\/\/www.entrelemanetjura.ch\/BLOG_WP_351\/wp-json\/wp\/v2\/types\/post"}],"author":[{"embeddable":true,"href":"https:\/\/www.entrelemanetjura.ch\/BLOG_WP_351\/wp-json\/wp\/v2\/users\/1"}],"replies":[{"embeddable":true,"href":"https:\/\/www.entrelemanetjura.ch\/BLOG_WP_351\/wp-json\/wp\/v2\/comments?post=1907"}],"version-history":[{"count":3,"href":"https:\/\/www.entrelemanetjura.ch\/BLOG_WP_351\/wp-json\/wp\/v2\/posts\/1907\/revisions"}],"predecessor-version":[{"id":1914,"href":"https:\/\/www.entrelemanetjura.ch\/BLOG_WP_351\/wp-json\/wp\/v2\/posts\/1907\/revisions\/1914"}],"wp:attachment":[{"href":"https:\/\/www.entrelemanetjura.ch\/BLOG_WP_351\/wp-json\/wp\/v2\/media?parent=1907"}],"wp:term":[{"taxonomy":"category","embeddable":true,"href":"https:\/\/www.entrelemanetjura.ch\/BLOG_WP_351\/wp-json\/wp\/v2\/categories?post=1907"},{"taxonomy":"post_tag","embeddable":true,"href":"https:\/\/www.entrelemanetjura.ch\/BLOG_WP_351\/wp-json\/wp\/v2\/tags?post=1907"}],"curies":[{"name":"wp","href":"https:\/\/api.w.org\/{rel}","templated":true}]}}