{"id":1876,"date":"2018-04-08T00:19:09","date_gmt":"2018-04-07T22:19:09","guid":{"rendered":"http:\/\/www.entrelemanetjura.ch\/BLOG_WP_351\/?p=1876"},"modified":"2018-04-13T16:45:58","modified_gmt":"2018-04-13T14:45:58","slug":"la-transition-energetique-repose-sur-une-erreur-scientifique","status":"publish","type":"post","link":"https:\/\/www.entrelemanetjura.ch\/BLOG_WP_351\/la-transition-energetique-repose-sur-une-erreur-scientifique\/","title":{"rendered":"La transition \u00e9nerg\u00e9tique repose sur une ERREUR scientifique"},"content":{"rendered":"<p class=\"p1\" style=\"text-align: justify;\">En 2014, le Prof. Franz-Karl Reinhart, retrait\u00e9 de l&rsquo;EPFL, a d\u00e9couvert que <strong>le CO2 N&rsquo;EST PAS \u00e0 la source principale du r\u00e9chauffement climatique<\/strong>, en appliquant sur un mod\u00e8le simplifi\u00e9 d&rsquo;atmosph\u00e8re terrestre des calculs de physique quantique; le but de l&rsquo;exercice \u00e9tait d&rsquo;isoler l&rsquo;effet de serre des traces de CO2 pr\u00e9sentes dans l&rsquo;air d&rsquo;autres effets.<\/p>\n<p class=\"p1\" style=\"text-align: justify;\">Le texte du Prof. Reinhart a \u00e9t\u00e9 accept\u00e9 dans le pr\u00e9sent blog, car il a r\u00e9pondu \u00e0 plusieurs crit\u00e8res de l&rsquo;\u00e9diteur: originalit\u00e9 de la d\u00e9marche, rigueur de la physique appliqu\u00e9e au probl\u00e8me, pr\u00e9sence d&rsquo;un comit\u00e9 de lecture et de critique cr\u00e9dible, th\u00e8me en mati\u00e8re \u00e9nerg\u00e9tique. Par ailleurs,\u00a0un des\u00a0objectifs du pr\u00e9sent blog est de casser le monopole de publication des\u00a0\u00ab\u00a0revues \u00e0 comit\u00e9 de lecture\u00a0\u00bb et des Universit\u00e9s &#8211; et est en cette occurence pleinement rempli. <strong>En sciences, une th\u00e9orie est valide, jusqu&rsquo;\u00e0 ce qu&rsquo;une contestation r\u00e9ussie la fasse s&rsquo;\u00e9crouler: on est ici \u00e0 propos de l&rsquo;effet de serre du CO2, tr\u00e8s vraisemblablement dans un tel cas.<\/strong><\/p>\n<p class=\"p1\" style=\"text-align: justify;\">La pr\u00e9sente publication montre le peu d&rsquo;usage que les Autorit\u00e9s en charge de l&rsquo;environnement et de l&rsquo;\u00e9nergie font d&rsquo;une telle d\u00e9couverte: on poursuit les affaires, comme si de rien n&rsquo;\u00e9tait, comme dans les pays voisins. Que le pays coure \u00e0 la catastrophe avec son industrie \u00e9lectrique, que ce soit\u00a0malgr\u00e9 le fondement scientifique disparu ou \u00e0 cause des impossibilit\u00e9s techniques, ne semble pas les concerner &#8230; Echantillons r\u00e9cents:<\/p>\n<p class=\"p1\" style=\"text-align: justify;\"><a href=\"http:\/\/www.entrelemanetjura.ch\/BLOG_WP_351\/wp-content\/uploads\/2018\/04\/2018.04-13-Conf-mail.pdf\" target=\"_blank\">2018-04-13-Conf\u00e9d\u00e9ration-emails.pdf <\/a>\u00a0 \u00a0 <a href=\"http:\/\/www.entrelemanetjura.ch\/BLOG_WP_351\/wp-content\/uploads\/2018\/04\/2018.04-08-VD-mail.pdf\" target=\"_blank\">2018-04-08-VD-emails.pdf<\/a><\/p>\n<p class=\"p4\" style=\"text-align: justify;\">Dans un contexte o\u00f9 la Conf\u00e9d\u00e9ration et le Canton d\u00e9pensent des centaines de millions de francs par ann\u00e9e &#8211; pour une transition \u00e9nerg\u00e9tique vou\u00e9e \u00e0 l&rsquo;\u00e9chec, comme celle de l&rsquo;Allemagne &#8211; suivant un parcours d\u00e9sastreux, en suivant un trait\u00e9 de Paris d\u00e9j\u00e0 obsol\u00e8te &#8211; <strong>on aurait pu attendre de la Conf\u00e9d\u00e9ration, de l&rsquo;Etat de Vaud, de l&rsquo;UNIL ou de Volteface une \u00e9tude moins l\u00e9g\u00e8re de l&rsquo;affaire du CO2: il reste \u00e0 la faire d&rsquo;urgence<\/strong>.<\/p>\n<p class=\"p4\" style=\"text-align: justify;\"><strong>Bibliographie<\/strong><\/p>\n<p class=\"p4\" style=\"text-align: justify;\">\u00a7 <strong>Liste des 12&rsquo;563 subventions 2017 pour des installations suisses<\/strong> de production d&rsquo;\u00e9nergies renouvelables &#8211;\u00a0<strong> Somme globale<\/strong>: Fr. 577&rsquo;316&rsquo;054.-\u00a0 \u00a0On peut aussi calculer des valeurs techniques int\u00e9ressantes, les <strong>facteurs de charges moyens, pour les panneaux PV: 11% <\/strong>(soit l&rsquo;\u00e9quivalent annuel de 964 heures \u00e0 puissance nominale)<strong>, pour les \u00e9oliennes: 19% <\/strong>(soit 1&rsquo;664 heures). Pour acc\u00e9der,\u00a0<a href=\"http:\/\/www.entrelemanetjura.ch\/BLOG_WP_351\/wp-content\/uploads\/2018\/04\/2018.04-06-RPC-publication.xlsx\">2018-04-06-rpc-publication-2017.xlsx<\/a>\u00a0 \u00a0fichier Excel comprenant 3 feuilles, un r\u00e9sum\u00e9, un tri par type d&rsquo;installation (avec les facteurs de charge d\u00e9taill\u00e9s), un tri par lieu de l&rsquo;installation; vous devez vous attendre \u00e0 importer dans votre logiciel Excel par t\u00e9l\u00e9chargement un fichier de 2.8 MB.\u00a0<strong>\u00a0 \u00a0<\/strong><\/p>\n<p class=\"p4\" style=\"text-align: left;\"><em>Original : <\/em><a href=\"http:\/\/www.bfe.admin.ch\/php\/modules\/publikationen\/stream.php?extlang=de&amp;name=de_58747824.xlsx&amp;endung=Liste%20aller%20KEV-Bez%FCger%20im%20Jahr%202017\" target=\"_blank\">http:\/\/www.bfe.admin.ch\/php\/modules\/publikationen\/stream.php?extlang=de&amp;name=de_58747824.xlsx&amp;endung=Liste aller KEV-Bez\u00fcger im Jahr 2017<\/a><\/p>\n<p class=\"p4\" style=\"text-align: justify;\">\u00a7 <a href=\"http:\/\/www.entrelemanetjura.ch\/BLOG_WP_351\/breviaire-du-climato-realiste-suisse-et-vaudois\/\" target=\"_blank\">Br\u00e9viaire du climato-r\u00e9aliste romand et vaudois<\/a>\u00a0 \u00a0 \u00a0<strong> contient les r\u00e9f\u00e9rences aux diverses lacunes et impossibilit\u00e9s techniques que les d\u00e9cideurs ont ignor\u00e9es avec pers\u00e9v\u00e9rance<\/strong>: les avertissements n&rsquo;ont pas manqu\u00e9, il suffit de noter \u00e0 quelles dates les articles du pr\u00e9sent blog ont \u00e9t\u00e9 publi\u00e9s.<\/p>\n<p class=\"p4\" style=\"text-align: justify;\">\u00a7 <a href=\"http:\/\/www.entrelemanetjura.ch\/BLOG_WP_351\/kohlendioxid-und-erderwarmung\/\" target=\"_blank\">Kohlendioxid und Erdew\u00e4rmung<\/a>\u00a0 \u00a0Texte int\u00e9gral de l&rsquo;\u00e9tude sur le CO2 r\u00e9vis\u00e9e en allemand du 28.9.2017<\/p>\n<p class=\"p4\" style=\"text-align: justify;\">\u00a7 <a href=\"http:\/\/www.entrelemanetjura.ch\/BLOG_WP_351\/co2-une-chimere-climatique\/\" target=\"_blank\">CO2, une chim\u00e8re climatique<\/a>\u00a0 \u00a0 \u00a0 \u00a0 \u00a0 Texte int\u00e9gral de l&rsquo;\u00e9tude sur le CO2 r\u00e9vis\u00e9e en anglais du 5.1.2017 et version originale de 2014<\/p>\n<p class=\"p4\" style=\"text-align: right;\"><strong>Andr\u00e9 Bovay-Rohr, Colombier-sur-Morges, 8.4.2018, r\u00e9v. 9.4.2018, <\/strong><\/p>\n<p class=\"p4\" style=\"text-align: right;\"><strong>r\u00e9v. 13.4.2018<\/strong><\/p>\n","protected":false},"excerpt":{"rendered":"<p>En 2014, le Prof. Franz-Karl Reinhart, retrait\u00e9 de l&rsquo;EPFL, a d\u00e9couvert que le CO2 N&rsquo;EST PAS \u00e0 la source principale du r\u00e9chauffement climatique, en appliquant sur un mod\u00e8le simplifi\u00e9 d&rsquo;atmosph\u00e8re terrestre des calculs de physique quantique; le but de l&rsquo;exercice &hellip; <a href=\"https:\/\/www.entrelemanetjura.ch\/BLOG_WP_351\/la-transition-energetique-repose-sur-une-erreur-scientifique\/\">Continuer la lecture <span class=\"meta-nav\">&rarr;<\/span><\/a><\/p>\n","protected":false},"author":1,"featured_media":0,"comment_status":"closed","ping_status":"open","sticky":false,"template":"","format":"standard","meta":{"footnotes":""},"categories":[142,343,9],"tags":[237,34,68,93,241,374,33],"class_list":["post-1876","post","type-post","status-publish","format-standard","hentry","category-politique","category-science-de-latmosphere","category-suissepays","tag-bovay-rohr","tag-berne","tag-climatologie","tag-derapage-federal","tag-franz-karl-reinhart","tag-unil","tag-vaud"],"_links":{"self":[{"href":"https:\/\/www.entrelemanetjura.ch\/BLOG_WP_351\/wp-json\/wp\/v2\/posts\/1876","targetHints":{"allow":["GET"]}}],"collection":[{"href":"https:\/\/www.entrelemanetjura.ch\/BLOG_WP_351\/wp-json\/wp\/v2\/posts"}],"about":[{"href":"https:\/\/www.entrelemanetjura.ch\/BLOG_WP_351\/wp-json\/wp\/v2\/types\/post"}],"author":[{"embeddable":true,"href":"https:\/\/www.entrelemanetjura.ch\/BLOG_WP_351\/wp-json\/wp\/v2\/users\/1"}],"replies":[{"embeddable":true,"href":"https:\/\/www.entrelemanetjura.ch\/BLOG_WP_351\/wp-json\/wp\/v2\/comments?post=1876"}],"version-history":[{"count":20,"href":"https:\/\/www.entrelemanetjura.ch\/BLOG_WP_351\/wp-json\/wp\/v2\/posts\/1876\/revisions"}],"predecessor-version":[{"id":1904,"href":"https:\/\/www.entrelemanetjura.ch\/BLOG_WP_351\/wp-json\/wp\/v2\/posts\/1876\/revisions\/1904"}],"wp:attachment":[{"href":"https:\/\/www.entrelemanetjura.ch\/BLOG_WP_351\/wp-json\/wp\/v2\/media?parent=1876"}],"wp:term":[{"taxonomy":"category","embeddable":true,"href":"https:\/\/www.entrelemanetjura.ch\/BLOG_WP_351\/wp-json\/wp\/v2\/categories?post=1876"},{"taxonomy":"post_tag","embeddable":true,"href":"https:\/\/www.entrelemanetjura.ch\/BLOG_WP_351\/wp-json\/wp\/v2\/tags?post=1876"}],"curies":[{"name":"wp","href":"https:\/\/api.w.org\/{rel}","templated":true}]}}