{"id":1812,"date":"2018-01-27T02:51:53","date_gmt":"2018-01-27T01:51:53","guid":{"rendered":"http:\/\/www.entrelemanetjura.ch\/BLOG_WP_351\/?p=1812"},"modified":"2018-01-29T19:20:08","modified_gmt":"2018-01-29T18:20:08","slug":"remplacer-du-nucleaire-par-des-energies-renouvelables-est-physiquement-exclu-demonstration-scientifique-suisse","status":"publish","type":"post","link":"https:\/\/www.entrelemanetjura.ch\/BLOG_WP_351\/remplacer-du-nucleaire-par-des-energies-renouvelables-est-physiquement-exclu-demonstration-scientifique-suisse\/","title":{"rendered":"Remplacer du nucl\u00e9aire par des \u00e9nergies renouvelables est physiquement exclu: d\u00e9monstration scientifique suisse"},"content":{"rendered":"<p class=\"p1\" style=\"text-align: justify;\">La simulation, de la transition \u00e9nerg\u00e9tique pr\u00e9vue par la loi suisse, existe officiellement \u00e0 cette date; elle a \u00e9t\u00e9 calcul\u00e9e par l&rsquo;Energyscope de l&rsquo;Ecole polytechnique f\u00e9d\u00e9rale de Lausanne (EPFL).<\/p>\n<p class=\"p1\" style=\"text-align: justify;\">Il s&rsquo;agit de calculs de cadrage: en effet, la description par des quantit\u00e9s d&rsquo;\u00e9nergie \u00e9lectrique mensuelles ne refl\u00e8te pas les contraintes de r\u00e9serves de puissances, indispensables \u00e0 assurer l&rsquo;\u00e9quilibre du r\u00e9seau.\u00a0<span class=\"s1\">Utilisons ce calculateur d\u2019Energyscope dans sa version avanc\u00e9e, dans les conditions de 2035CH High (C),\u00a0qui m\u2019ont parues les plus r\u00e9alistes (l\u00e9g\u00e8res augmentations de la demande en 2035).\u00a0Cette date est criticable (par le fait que personne ne peut pr\u00e9dire ce qui va se passer dans un futur aussi lointain que 17 ans, que ce soit en climatologie, en \u00e9conomie ou en haute finance), mais c&rsquo;est tout de m\u00eame moins farfelu que 2050 !\u00a0<\/span><\/p>\n<p class=\"p1\"><a href=\"http:\/\/www.entrelemanetjura.ch\/BLOG_WP_351\/wp-content\/uploads\/2018\/01\/2018.01-25-El-Simul.jpg\" target=\"_blank\"><img loading=\"lazy\" decoding=\"async\" class=\"aligncenter size-full wp-image-1813\" src=\"http:\/\/www.entrelemanetjura.ch\/BLOG_WP_351\/wp-content\/uploads\/2018\/01\/2018.01-25-El-Simul.jpg\" alt=\"2018-01-25-el-simul\" width=\"1452\" height=\"1049\" srcset=\"https:\/\/www.entrelemanetjura.ch\/BLOG_WP_351\/wp-content\/uploads\/2018\/01\/2018.01-25-El-Simul.jpg 1452w, https:\/\/www.entrelemanetjura.ch\/BLOG_WP_351\/wp-content\/uploads\/2018\/01\/2018.01-25-El-Simul-300x217.jpg 300w, https:\/\/www.entrelemanetjura.ch\/BLOG_WP_351\/wp-content\/uploads\/2018\/01\/2018.01-25-El-Simul-768x555.jpg 768w, https:\/\/www.entrelemanetjura.ch\/BLOG_WP_351\/wp-content\/uploads\/2018\/01\/2018.01-25-El-Simul-1024x740.jpg 1024w\" sizes=\"auto, (max-width: 1452px) 100vw, 1452px\" \/><\/a><\/p>\n<p class=\"p1\"><span class=\"s1\">Source:<\/span><span class=\"Apple-converted-space\">\u00a0 \u00a0 <\/span><a href=\"http:\/\/www.energyscope.ch\/\" target=\"_blank\">http:\/\/www.energyscope.ch\/<\/a><span class=\"Apple-converted-space\">\u00a0 \u00a0, par une capture d&rsquo;\u00e9cran.\u00a0<\/span><\/p>\n<p class=\"p1\" style=\"text-align: justify;\"><span class=\"s1\">Techniquement parlant, pour 2035, <strong>le graphique prouve que le planificateur pr\u00e9voit de remplacer les usines nucl\u00e9aires essentiellement par\u00a0des usines \u00e9lectriques \u00e0 gaz (import\u00e9) et de la cog\u00e9n\u00e9ration, \u00e0 savoir des usines thermiques<\/strong>: il est physiquement exclu de le faire\u00a0avec des sources d&rsquo;\u00e9nergies renouvelables intermittentes et les stockages qui y seraient associ\u00e9s, minuscules en proportion;\u00a0dans le graphique pr\u00e9sent\u00e9, on voit que les auteurs\u00a0croient encore \u00e0 la plausibilit\u00e9 de contributions de la g\u00e9othermie profonde (!).<\/span><\/p>\n<p class=\"p1\" style=\"text-align: justify;\">Cette simulation comparative d\u00e9montre tr\u00e8s clairement dans quelle d\u00e9pendance la Suisse pr\u00e9voit, par\u00a0sa strat\u00e9gie \u00e9nerg\u00e9tique 2050 (!), de tomber envers les pays voisins en 2035 pour son approvisionnement en \u00e9lectricit\u00e9; cette d\u00e9pendance existait d\u00e9j\u00e0 en 2011 de novembre \u00e0 mars de l&rsquo;ann\u00e9e suivante, mais \u00e9tait compens\u00e9e par des exportations de mai \u00e0 octobre. On voit que, d\u00e8s l&rsquo;arr\u00eat du nucl\u00e9aire, cet \u00e9quilibre va \u00eatre d\u00e9truit par des importations de gaz\u00a0(ou autres importations).<\/p>\n<p class=\"p1\" style=\"text-align: justify;\"><span class=\"s1\"><strong>C\u2019est ainsi que l&rsquo;EPFL confirme, par une autre voie,\u00a0la\u00a0d\u00e9monstration du 7 juin 2016 &#8211; de l&rsquo;impossibilit\u00e9 physique de remplacer M\u00fchleberg (la plus petite de nos centrales nucl\u00e9aires) par des sources renouvelables locales: les propos publics tenus dans ce sens\u00a0sont donc\u00a0des\u00a0tromperies.\u00a0<\/strong><\/span><\/p>\n<p class=\"p1\" style=\"text-align: justify;\"><strong>Commentaire\u00a0<\/strong><\/p>\n<p class=\"p1\" style=\"text-align: justify;\">Les besoins d&rsquo;importations\u00a0sont d\u00e9j\u00e0 maintenant aggrav\u00e9s par la d\u00e9bandade financi\u00e8re que subit actuellement notre industrie \u00e9lectrique (surproduction structurelle &#8211; provoqu\u00e9e physiquement en Europe par les \u00e9nergies intermittentes \/ avec pour cons\u00e9quence le dumping, par l&rsquo;effet de la bourse du march\u00e9 europ\u00e9en de l&rsquo;\u00e9lectricit\u00e9).<\/p>\n<p class=\"p1\" style=\"text-align: justify;\"><strong><span class=\"s1\">Bibliographie<\/span><\/strong><\/p>\n<p class=\"p1\" style=\"text-align: justify;\"><span class=\"s1\"><span class=\"s2\">\u00a0 \u00a0<a href=\"http:\/\/www.entrelemanetjura.ch\/BLOG_WP_351\/remplacer-muhleberg-nucleaire-exclu\/\" target=\"_blank\">Remplacer M\u00fchleberg nucl\u00e9aire ? Exclu !\u00a0<\/a>\u00a0 \u00a0 Calcul des conditions d&rsquo;\u00e9quilibre physique du r\u00e9seau &#8211; qui admettrait des sources intermittentes comme des \u00e9oliennes ou des panneaux photovolta\u00efques &#8211; conditions inatteignables en Suisse, pour la plus petite de nos centrales nucl\u00e9aires,\u00a0entre autres car\u00a0<strong>l&rsquo;accumulateur aurait besoin de la puissance totale de la Grande-Dixence et de deux fois son volume d&rsquo;eau &#8230;\u00a0 \u00a0:-((<\/strong><\/span><\/span><\/p>\n<p class=\"p1\" style=\"text-align: justify;\">\u00a0 \u00a0<a href=\"http:\/\/www.entrelemanetjura.ch\/BLOG_WP_351\/le-sabotage-de-lenergie-locale\/\" target=\"_blank\" rel=\"next\">Le sabotage de l\u2019\u00e9nergie locale\u00a0<span class=\"meta-nav\">\u2192<\/span><\/a>\u00a0 \u00a0\u00a0\u00a0 \u00a0o\u00f9 l&rsquo;on trouve aussi la courbe de demande mensuelle de la France (d\u00e9crite en 2012) &#8211; ainsi que la pr\u00e9diction de l&rsquo;usage d&rsquo;importations possibles de gaz <strong>(~50&rsquo;000 m3 \/heure pour 400 MW !)<\/strong>.<\/p>\n<p class=\"p1\" style=\"text-align: justify;\">\u00a0 \u00a0<a href=\"http:\/\/www.entrelemanetjura.ch\/BLOG_WP_351\/une-adhesion-forcee-a-lue\/\" target=\"_blank\" rel=\"next\">Une adh\u00e9sion forc\u00e9e \u00e0 l\u2019UE ?\u00a0<span class=\"meta-nav\">\u2192<\/span><\/a><\/p>\n<p class=\"p1\" style=\"text-align: justify;\">\u00a0 \u00a0<a href=\"http:\/\/www.entrelemanetjura.ch\/BLOG_WP_351\/penuries-de-70-2\/\" target=\"_blank\" rel=\"next\">P\u00e9nuries de 70% !\u00a0<span class=\"meta-nav\">\u2192<\/span><\/a>\u00a0 \u00a0Analyse de la mani\u00e8re de remplacer dans le futur les sources d&rsquo;\u00e9nergie\u00a0de 2010 et de ce qui va arriver aux habitants de Suisse dans le cas contraire &#8211; <em>(les consid\u00e9rations sur le CO2 sont d\u00e9pass\u00e9es &#8230;)<\/em><\/p>\n<p class=\"p1\" style=\"text-align: right;\"><strong>Andr\u00e9 Bovay-Rohr, Colombier-sur-Morges, le 27 janvier 2018<\/strong><\/p>\n<p class=\"p1\" style=\"text-align: justify;\"><strong>Commentaire<\/strong><\/p>\n<p class=\"p1\" style=\"text-align: justify;\">Jusqu&rsquo;ici, les partisans des \u00e9nergies renouvelables appliqu\u00e9es \u00e0 l&rsquo;\u00e9lectricit\u00e9 ont cru qu&rsquo;il suffirait d&rsquo;ajouter des sources nombreuses, en consacrant pour ce faire des capitaux suffisants. M. Br\u00e9laz a ainsi affirm\u00e9,\u00a0se r\u00e9f\u00e9rant \u00e0 sa participation au CA d&rsquo;EOS, que les \u00e9lectriciens se d\u00e9brouilleraient avec ce probl\u00e8me technique.<\/p>\n<p class=\"p1\" style=\"text-align: justify;\">Or en ajoutant dans le r\u00e9seau des sources de courant intermittentes, apr\u00e8s avoir constat\u00e9 qu&rsquo;on ne peut pas construire des accumulateurs en suffisance, de cette mani\u00e8re on propose d&rsquo;utiliser \u00ab\u00a0hydro (barrages)\u00a0\u00bb, selon la terminologie du graphique, pour faire cette r\u00e9gulation; cela peut marcher pour de petites quantit\u00e9s, avec les barrages d\u00e9j\u00e0 consacr\u00e9s \u00e0 r\u00e9pondre \u00e0 des pointes de consommation (\u00e0 fonctionnement relativement rare, comme Grande Dixence \u00e0 pleine puissance): il suffit de les arr\u00eater; mais d\u00e8s que l&rsquo;on arr\u00eate\u00a0des centrales d&rsquo;ordinaire en marche, on garde bien l&rsquo;eau en r\u00e9serve, mais on diminue d&rsquo;autant la production du chapitre\u00a0\u00ab\u00a0hydro (barrages)\u00a0\u00bb. On a ainsi\u00a0fait fonctionner le r\u00e9seau, avec les nouvelles sources d&rsquo;\u00e9lectricit\u00e9 renouvelables, mais on n&rsquo;a ainsi pas substitu\u00e9 le nucl\u00e9aire, comme souhait\u00e9 ! Sur le graphique, cela se traduit par la n\u00e9cessit\u00e9 d&rsquo;une d\u00e9solante grande quantit\u00e9 d&rsquo;importations, gaz ou autres &#8230; CQFD<\/p>\n<p class=\"p1\" style=\"text-align: right;\"><strong>Andr\u00e9 Bovay-Rohr, Colombier-sur-Morges, le 29 janvier 2018<\/strong><\/p>\n","protected":false},"excerpt":{"rendered":"<p>La simulation, de la transition \u00e9nerg\u00e9tique pr\u00e9vue par la loi suisse, existe officiellement \u00e0 cette date; elle a \u00e9t\u00e9 calcul\u00e9e par l&rsquo;Energyscope de l&rsquo;Ecole polytechnique f\u00e9d\u00e9rale de Lausanne (EPFL). Il s&rsquo;agit de calculs de cadrage: en effet, la description par &hellip; <a href=\"https:\/\/www.entrelemanetjura.ch\/BLOG_WP_351\/remplacer-du-nucleaire-par-des-energies-renouvelables-est-physiquement-exclu-demonstration-scientifique-suisse\/\">Continuer la lecture <span class=\"meta-nav\">&rarr;<\/span><\/a><\/p>\n","protected":false},"author":1,"featured_media":0,"comment_status":"closed","ping_status":"open","sticky":false,"template":"","format":"standard","meta":{"footnotes":""},"categories":[42,8,10,142,9],"tags":[59,26],"class_list":["post-1812","post","type-post","status-publish","format-standard","hentry","category-economie","category-energie-2","category-nucleaire-civil-2","category-politique","category-suissepays","tag-59","tag-electricite"],"_links":{"self":[{"href":"https:\/\/www.entrelemanetjura.ch\/BLOG_WP_351\/wp-json\/wp\/v2\/posts\/1812","targetHints":{"allow":["GET"]}}],"collection":[{"href":"https:\/\/www.entrelemanetjura.ch\/BLOG_WP_351\/wp-json\/wp\/v2\/posts"}],"about":[{"href":"https:\/\/www.entrelemanetjura.ch\/BLOG_WP_351\/wp-json\/wp\/v2\/types\/post"}],"author":[{"embeddable":true,"href":"https:\/\/www.entrelemanetjura.ch\/BLOG_WP_351\/wp-json\/wp\/v2\/users\/1"}],"replies":[{"embeddable":true,"href":"https:\/\/www.entrelemanetjura.ch\/BLOG_WP_351\/wp-json\/wp\/v2\/comments?post=1812"}],"version-history":[{"count":10,"href":"https:\/\/www.entrelemanetjura.ch\/BLOG_WP_351\/wp-json\/wp\/v2\/posts\/1812\/revisions"}],"predecessor-version":[{"id":1823,"href":"https:\/\/www.entrelemanetjura.ch\/BLOG_WP_351\/wp-json\/wp\/v2\/posts\/1812\/revisions\/1823"}],"wp:attachment":[{"href":"https:\/\/www.entrelemanetjura.ch\/BLOG_WP_351\/wp-json\/wp\/v2\/media?parent=1812"}],"wp:term":[{"taxonomy":"category","embeddable":true,"href":"https:\/\/www.entrelemanetjura.ch\/BLOG_WP_351\/wp-json\/wp\/v2\/categories?post=1812"},{"taxonomy":"post_tag","embeddable":true,"href":"https:\/\/www.entrelemanetjura.ch\/BLOG_WP_351\/wp-json\/wp\/v2\/tags?post=1812"}],"curies":[{"name":"wp","href":"https:\/\/api.w.org\/{rel}","templated":true}]}}