{"id":1777,"date":"2017-11-19T07:51:48","date_gmt":"2017-11-19T06:51:48","guid":{"rendered":"http:\/\/www.entrelemanetjura.ch\/BLOG_WP_351\/?p=1777"},"modified":"2017-11-19T08:07:33","modified_gmt":"2017-11-19T07:07:33","slug":"toits-plats-une-derive-risquee","status":"publish","type":"post","link":"https:\/\/www.entrelemanetjura.ch\/BLOG_WP_351\/toits-plats-une-derive-risquee\/","title":{"rendered":"Toits plats &#8211; une d\u00e9rive risqu\u00e9e"},"content":{"rendered":"<p style=\"text-align: justify;\">Les grandes constructions actuelles, que ce soient \u00e0 Lausanne pour un mus\u00e9e ou partout dans la r\u00e9gion pour des habitats, pr\u00e9sentent des toits plats. Apparemment les architectes ne se demandent plus POURQUOI nos pr\u00e9d\u00e9cesseurs ont toujours\u00a0construit des toits inclin\u00e9s?\u00a0<a href=\"http:\/\/www.entrelemanetjura.ch\/BLOG_WP_351\/il-faudra-fuir-la-suisse\/\" target=\"_blank\">Pourtant le r\u00e9chauffement climatique n&rsquo;est de loin pas une constante<\/a>, ni une garantie que la neige ne va pas tout-\u00e0-coup revenir en grandes quantit\u00e9s: en pareil cas, il faudra surveiller illico et imp\u00e9rativement le poids pr\u00e9sent sur le toit &#8230;\u00a0avec deux cons\u00e9quences au moins:<\/p>\n<ol>\n<li style=\"text-align: justify;\">Estimer s&rsquo;il y a lieu d&rsquo;intervenir &#8211; si c&rsquo;est possible d\u00e9blayer neige et glace du toit &#8211; soi-m\u00eame, par les occupants, \u00e0 cause de la\u00a0probable indisponibilit\u00e9 de couvreurs\u00a0rares et imm\u00e9diatement surcharg\u00e9s. Or ce sera un travail urgent, p\u00e9nible, difficile et dangereux, pour des citadins pas entra\u00een\u00e9s et mal \u00e9quip\u00e9s.<\/li>\n<li style=\"text-align: justify;\">A cause des panneaux solaires (par ex. inclin\u00e9s, dispos\u00e9s sur des consoles, comme dans <a href=\"http:\/\/www.entrelemanetjura.ch\/BLOG_WP_351\/proces-verbal-a-echichens-city-vd-suisse\/\" target=\"_blank\">les\u00a0constructions en cours \u00e0 Echichens<\/a>), constater que le d\u00e9blaiement est exclu et devant le risque d&rsquo;effondrement \u00e9vacuer sans d\u00e9lai; consid\u00e9rant la quantit\u00e9 des b\u00e2timents en cause, ce sera une catastrophe &#8211; \u00e0 comparer avec un grand s\u00e9isme.<\/li>\n<\/ol>\n<p style=\"text-align: justify;\">Personnellement je trouve les blocs \u00e0 toits plats tr\u00e8s laids &#8211; <em>mais des go\u00fbts et couleurs on ne peut pas discuter,\u00a0faisons preuve de tol\u00e9rance<\/em> ! Par contre, <strong>le fait qu&rsquo;une proportion importante des constructions suisses et vaudoises modernes pourraient tout-\u00e0-coup s&rsquo;effondrer me remplit de malaise:<\/strong> c&rsquo;est une excellente raison de diff\u00e9rer et de repenser les projets de fond en comble &#8211; c&rsquo;est le cas de le dire.<\/p>\n<p style=\"text-align: justify;\">Documentation canadienne:\u00a0 \u00a0<a href=\"http:\/\/couverturesfp.com\/blogue\/entretien-preventif\/2017-02-28\/quand-deneiger-ou-deglacer-son-toit-plat\" target=\"_blank\">Quand d\u00e9neiger ou d\u00e9glacer son toit plat ?<\/a><\/p>\n","protected":false},"excerpt":{"rendered":"<p>Les grandes constructions actuelles, que ce soient \u00e0 Lausanne pour un mus\u00e9e ou partout dans la r\u00e9gion pour des habitats, pr\u00e9sentent des toits plats. Apparemment les architectes ne se demandent plus POURQUOI nos pr\u00e9d\u00e9cesseurs ont toujours\u00a0construit des toits inclin\u00e9s?\u00a0Pourtant le &hellip; <a href=\"https:\/\/www.entrelemanetjura.ch\/BLOG_WP_351\/toits-plats-une-derive-risquee\/\">Continuer la lecture <span class=\"meta-nav\">&rarr;<\/span><\/a><\/p>\n","protected":false},"author":1,"featured_media":0,"comment_status":"closed","ping_status":"open","sticky":false,"template":"","format":"standard","meta":{"footnotes":""},"categories":[64,78,9],"tags":[237,364,68,46],"class_list":["post-1777","post","type-post","status-publish","format-standard","hentry","category-energies-renouvelables","category-habitat","category-suissepays","tag-bovay-rohr","tag-architecture","tag-climatologie","tag-demographie"],"_links":{"self":[{"href":"https:\/\/www.entrelemanetjura.ch\/BLOG_WP_351\/wp-json\/wp\/v2\/posts\/1777","targetHints":{"allow":["GET"]}}],"collection":[{"href":"https:\/\/www.entrelemanetjura.ch\/BLOG_WP_351\/wp-json\/wp\/v2\/posts"}],"about":[{"href":"https:\/\/www.entrelemanetjura.ch\/BLOG_WP_351\/wp-json\/wp\/v2\/types\/post"}],"author":[{"embeddable":true,"href":"https:\/\/www.entrelemanetjura.ch\/BLOG_WP_351\/wp-json\/wp\/v2\/users\/1"}],"replies":[{"embeddable":true,"href":"https:\/\/www.entrelemanetjura.ch\/BLOG_WP_351\/wp-json\/wp\/v2\/comments?post=1777"}],"version-history":[{"count":3,"href":"https:\/\/www.entrelemanetjura.ch\/BLOG_WP_351\/wp-json\/wp\/v2\/posts\/1777\/revisions"}],"predecessor-version":[{"id":1780,"href":"https:\/\/www.entrelemanetjura.ch\/BLOG_WP_351\/wp-json\/wp\/v2\/posts\/1777\/revisions\/1780"}],"wp:attachment":[{"href":"https:\/\/www.entrelemanetjura.ch\/BLOG_WP_351\/wp-json\/wp\/v2\/media?parent=1777"}],"wp:term":[{"taxonomy":"category","embeddable":true,"href":"https:\/\/www.entrelemanetjura.ch\/BLOG_WP_351\/wp-json\/wp\/v2\/categories?post=1777"},{"taxonomy":"post_tag","embeddable":true,"href":"https:\/\/www.entrelemanetjura.ch\/BLOG_WP_351\/wp-json\/wp\/v2\/tags?post=1777"}],"curies":[{"name":"wp","href":"https:\/\/api.w.org\/{rel}","templated":true}]}}