{"id":168,"date":"2012-10-23T10:36:20","date_gmt":"2012-10-23T09:36:20","guid":{"rendered":"http:\/\/www.entrelemanetjura.ch\/BLOG_WP_351\/?p=168"},"modified":"2013-03-07T03:02:02","modified_gmt":"2013-03-07T02:02:02","slug":"une-decision-inapplicable","status":"publish","type":"post","link":"https:\/\/www.entrelemanetjura.ch\/BLOG_WP_351\/une-decision-inapplicable\/","title":{"rendered":"Une d\u00e9cision inapplicable"},"content":{"rendered":"<p style=\"text-align: justify;\">La peur sans fondement de la radioactivit\u00e9 est en train de faire de tr\u00e8s gros d\u00e9g\u00e2ts (mot-cl\u00e9: fraude scientifique de Hermann Joseph Muller, prix Nobel 1946, voir<a title=\"Radioactivit\u00e9: une fraude scientifique en a exag\u00e9r\u00e9 les risques\" href=\"http:\/\/www.entrelemanetjura.ch\/BLOG_WP_351\/radioactivite-une-fraude-scientifique-en-a-exagere-les-risques\/\" target=\"_blank\"> Radioactivit\u00e9: une fraude scientifique en a exag\u00e9r\u00e9 les risques<\/a>). Au lieu de combattre cette peur et de planifier l&rsquo;exploitation \u00e9nerg\u00e9tique de nos d\u00e9chets nucl\u00e9aires, la Conf\u00e9d\u00e9ration s&#8217;embourbe.<\/p>\n<p style=\"text-align: justify;\">On entend parler ces jours d&rsquo;examen des trains r\u00e9gionaux suisses: les responsables pensent, que comme d&rsquo;habitude, l&rsquo;Office f\u00e9d\u00e9ral des transports (OFT, d\u00e9partement DETEC de Mme Leuthard) n&rsquo;y pourra rien, qu&rsquo;ils pourront continuer \u00e0 exploiter tranquillement leurs lignes de chemin de fer; \u00e0 leur place, je me m\u00e9fierais: la consommation \u00e9lectrique des trains va faire partie des productions tr\u00e8s convoit\u00e9es en hiver, par un autre office du m\u00eame DETEC, l&rsquo;office f\u00e9d\u00e9ral de l&rsquo;\u00e9nergie (OFEN).<\/p>\n<p style=\"text-align: justify;\"><b>En effet, la sortie du nucl\u00e9aire est une d\u00e9cision de la Conf\u00e9d\u00e9ration inapplicable, pour une raison toute b\u00eate: il n&rsquo;y a pas assez de soleil en hiver et en mi-saison<\/b>, pas de sources renouvelables disponibles; les accumulations d&rsquo;\u00e9lectricit\u00e9 possibles sont mis\u00e9rablement insuffisantes et gaspilleuses. <b>Financi\u00e8rement parlant, les baronnies de l&rsquo;\u00e9lectricit\u00e9 en train de se faire ruiner ont comme propri\u00e9taires cantons et communes \u2026<\/b><br \/>\nDocumentation de ceux qui n&rsquo;ont RIEN COMPRIS et croient pouvoir appuyer la sortie du nucl\u00e9aire:<br \/>\n<a href=\"http:\/\/www.hebdo.ch\/a_doris_leuthard_164448_.html\">http:\/\/www.hebdo.ch\/a_doris_leuthard_164448_.html<\/a><\/p>\n<p style=\"text-align: justify;\">L&rsquo;Allemagne est le contre-exemple de ce qu&rsquo;il ne faut pas faire: elle planifie ou construit ces temps 23 usines \u00e9lectriques \u00e0 charbon et 90 usines \u00e0 gaz &#8211; car le soleil et le vent ne permettent pas d&rsquo;assurer l&rsquo;approvisionnement en hiver \u2026 une mise en d\u00e9pendance du pays et de l&rsquo;Europe \u2026 une pollution redoubl\u00e9e au CO2 &#8230;<\/p>\n<p><a href=\"http:\/\/www.entrelemanetjura.ch\/BLOG_WP_351\/wp-content\/uploads\/2013\/03\/3007646584.jpg\"><img loading=\"lazy\" decoding=\"async\" class=\"aligncenter size-full wp-image-169\" alt=\"3007646584\" src=\"http:\/\/www.entrelemanetjura.ch\/BLOG_WP_351\/wp-content\/uploads\/2013\/03\/3007646584.jpg\" width=\"346\" height=\"170\" srcset=\"https:\/\/www.entrelemanetjura.ch\/BLOG_WP_351\/wp-content\/uploads\/2013\/03\/3007646584.jpg 346w, https:\/\/www.entrelemanetjura.ch\/BLOG_WP_351\/wp-content\/uploads\/2013\/03\/3007646584-300x147.jpg 300w\" sizes=\"auto, (max-width: 346px) 100vw, 346px\" \/><\/a><\/p>\n<p style=\"text-align: justify;\"><b>Centrale \u00e9lectrique au charbon<\/b> 1&rsquo;100 MW moderne, image du catalogue internet d&rsquo;Alstom, produisant dans les 5 millions de tonnes de CO2\/an, en br\u00fblant plus de 1&rsquo;000 tonnes de charbon par heure \u2026<br \/>\nDocumentation allemande\u00a0\u00a0\u00a0<a href=\"http:\/\/de.wikipedia.org\/wiki\/Kohlekraftwerk\">http:\/\/de.wikipedia.org\/wiki\/Kohlekraftwerk<\/a><\/p>\n<p style=\"text-align: justify;\">Autre exemple:\u00a0<b>centrale \u00e9lectrique \u00e0 gaz<\/b>\u00a0\u00e0 cycle combin\u00e9 1&rsquo;000 MW (mod\u00e8le KA13E2 d&rsquo;Alstom).<br \/>\nPlus de 100&rsquo;000 m3 de gaz\/heure, soit aussi plus de 100&rsquo;000 m3 de CO2\/heure \u2026<br \/>\nDocumentation allemande<br \/>\n<a href=\"http:\/\/www.kraftwerk-irsching.com\/pages\/ekw_de\/Kraftwerk_Irsching\/Mediencenter\">http:\/\/www.kraftwerk-irsching.com\/pages\/ekw_de\/Kraftwerk_&#8230;<\/a><\/p>\n<p style=\"text-align: center;\"><a href=\"http:\/\/www.entrelemanetjura.ch\/BLOG_WP_351\/wp-content\/uploads\/2013\/03\/3227066991.2.jpg\"><img loading=\"lazy\" decoding=\"async\" class=\"aligncenter size-full wp-image-170\" alt=\"3227066991.2\" src=\"http:\/\/www.entrelemanetjura.ch\/BLOG_WP_351\/wp-content\/uploads\/2013\/03\/3227066991.2.jpg\" width=\"432\" height=\"381\" srcset=\"https:\/\/www.entrelemanetjura.ch\/BLOG_WP_351\/wp-content\/uploads\/2013\/03\/3227066991.2.jpg 432w, https:\/\/www.entrelemanetjura.ch\/BLOG_WP_351\/wp-content\/uploads\/2013\/03\/3227066991.2-300x264.jpg 300w\" sizes=\"auto, (max-width: 432px) 100vw, 432px\" \/><\/a><br \/>\n<em>\u00a0d&rsquo;o\u00f9 est tir\u00e9e l&rsquo;image de l&rsquo;usine exp\u00e9rimentale d&rsquo;Irsching \u00e0 560 MW et<\/em>\u00a0 \u00a0\u00a0 \u00a0 \u00a0 \u00a0 \u00a0 \u00a0 \u00a0 \u00a0 \u00a0 \u00a0 \u00a0 \u00a0 \u00a0 \u00a0 \u00a0 \u00a0 \u00a0 \u00a0 \u00a0\u00a0<em id=\"__mceDel\"><em id=\"__mceDel\">60% de rendement (!)<\/em><\/em><\/p>\n<p style=\"text-align: center;\">\n<p style=\"text-align: justify;\">Pris \u00e0 la gorge, l&rsquo;OFEN va racler tous les fonds de tiroirs de la production \u00e9lectrique (la consommation des petits trains aussi !), pour tenter l&rsquo;impossible: se passer des 3&rsquo;200 MW de nucl\u00e9aire en hiver &#8211; au prix d&rsquo;augmenter massivement en Suisse, avec des usines \u00e9lectriques \u00e0 gaz et des norias de bus, notre d\u00e9pendance au p\u00e9trole et au gaz.<b> Ce faisant, l&rsquo;OFEN est tout-\u00e0-fait hors d&rsquo;\u00e9tat de proposer la moindre mesure pour contrer une p\u00e9nurie de p\u00e9trole ou de gaz, autre que du rationnement: une v\u00e9ritable catastrophe, si les robinets allaient se fermer vraiment &#8230;\u00a0<\/b><em id=\"__mceDel\">\u00a0<\/em><\/p>\n<p style=\"text-align: justify;\"><em id=\"__mceDel\"><\/em><b>Commentaires<\/b><\/p>\n<p style=\"text-align: justify;\">ECELLENT,SUPER que du bonheur en vous lisant ce matin, je me sens dop\u00e9e pour toute la journ\u00e9e<br \/>\nTOUTE BELLE JOURNEE POUR VOUS<\/p>\n<p style=\"text-align: justify;\">\u00c9crit par : lovsmeralda | 29\/10\/2012<\/p>\n","protected":false},"excerpt":{"rendered":"<p>La peur sans fondement de la radioactivit\u00e9 est en train de faire de tr\u00e8s gros d\u00e9g\u00e2ts (mot-cl\u00e9: fraude scientifique de Hermann Joseph Muller, prix Nobel 1946, voir Radioactivit\u00e9: une fraude scientifique en a exag\u00e9r\u00e9 les risques). Au lieu de combattre &hellip; <a href=\"https:\/\/www.entrelemanetjura.ch\/BLOG_WP_351\/une-decision-inapplicable\/\">Continuer la lecture <span class=\"meta-nav\">&rarr;<\/span><\/a><\/p>\n","protected":false},"author":1,"featured_media":0,"comment_status":"open","ping_status":"open","sticky":false,"template":"","format":"standard","meta":{"footnotes":""},"categories":[8,10,9],"tags":[75,74,76,23],"class_list":["post-168","post","type-post","status-publish","format-standard","hentry","category-energie-2","category-nucleaire-civil-2","category-suissepays","tag-charbon","tag-gaz","tag-inapplicable","tag-petrole"],"_links":{"self":[{"href":"https:\/\/www.entrelemanetjura.ch\/BLOG_WP_351\/wp-json\/wp\/v2\/posts\/168","targetHints":{"allow":["GET"]}}],"collection":[{"href":"https:\/\/www.entrelemanetjura.ch\/BLOG_WP_351\/wp-json\/wp\/v2\/posts"}],"about":[{"href":"https:\/\/www.entrelemanetjura.ch\/BLOG_WP_351\/wp-json\/wp\/v2\/types\/post"}],"author":[{"embeddable":true,"href":"https:\/\/www.entrelemanetjura.ch\/BLOG_WP_351\/wp-json\/wp\/v2\/users\/1"}],"replies":[{"embeddable":true,"href":"https:\/\/www.entrelemanetjura.ch\/BLOG_WP_351\/wp-json\/wp\/v2\/comments?post=168"}],"version-history":[{"count":5,"href":"https:\/\/www.entrelemanetjura.ch\/BLOG_WP_351\/wp-json\/wp\/v2\/posts\/168\/revisions"}],"predecessor-version":[{"id":202,"href":"https:\/\/www.entrelemanetjura.ch\/BLOG_WP_351\/wp-json\/wp\/v2\/posts\/168\/revisions\/202"}],"wp:attachment":[{"href":"https:\/\/www.entrelemanetjura.ch\/BLOG_WP_351\/wp-json\/wp\/v2\/media?parent=168"}],"wp:term":[{"taxonomy":"category","embeddable":true,"href":"https:\/\/www.entrelemanetjura.ch\/BLOG_WP_351\/wp-json\/wp\/v2\/categories?post=168"},{"taxonomy":"post_tag","embeddable":true,"href":"https:\/\/www.entrelemanetjura.ch\/BLOG_WP_351\/wp-json\/wp\/v2\/tags?post=168"}],"curies":[{"name":"wp","href":"https:\/\/api.w.org\/{rel}","templated":true}]}}