{"id":1495,"date":"2016-08-09T16:01:00","date_gmt":"2016-08-09T14:01:00","guid":{"rendered":"http:\/\/www.entrelemanetjura.ch\/BLOG_WP_351\/?p=1495"},"modified":"2016-08-19T14:52:37","modified_gmt":"2016-08-19T12:52:37","slug":"lete-2016-sur-le-front-de-lenergie-des-informations-tres-inquietantes","status":"publish","type":"post","link":"https:\/\/www.entrelemanetjura.ch\/BLOG_WP_351\/lete-2016-sur-le-front-de-lenergie-des-informations-tres-inquietantes\/","title":{"rendered":"L&rsquo;\u00e9t\u00e9 2016 sur le front de l&rsquo;\u00e9nergie: des informations tr\u00e8s inqui\u00e9tantes"},"content":{"rendered":"<p style=\"text-align: justify;\">Il m&rsquo;a sembl\u00e9 n\u00e9cessaire de ne pas laisser passer les informations synth\u00e9tis\u00e9es depuis des ann\u00e9es ici, \u00e0 propos de la strat\u00e9gie \u00e9nerg\u00e9tique suisse; cet \u00e9t\u00e9 elles ont pris un tour particuli\u00e8rement inqui\u00e9tant, par la distance astronomique existant entre les faits et les dires &#8211; et les silences des autorit\u00e9s responsables ! Or le gouvernement du pays doit en \u00eatre inform\u00e9 publiquement, l&rsquo;exp\u00e9rience ayant montr\u00e9 que les informations discr\u00e8tes restaient sans effets.<\/p>\n<p style=\"text-align: center;\"><strong>* \u00a0 * \u00a0 *<\/strong><\/p>\n<p class=\"p1\" style=\"text-align: justify;\"><b>De : <\/b>Famille Bovay-Rohr \u00a0<b>Date : <\/b>2 ao\u00fbt 2016 10:28:50 HAEC<\/p>\n<p class=\"p1\" style=\"text-align: justify;\"><b>\u00c0 : <\/b>Conf\u00e9d\u00e9ration Pr\u00e9sident &lt;info@bk.admin.ch&gt;<\/p>\n<p class=\"p1\" style=\"text-align: justify;\"><b>Cc : <\/b>daniel.brelaz@parl.ch, Etat de Vaud DTE &lt;jacqueline.dequattro@vd.ch&gt;, forum@rts.ch, journal.matin@rts.ch, \u00ab\u00a0Prof. REINHART Franz-Karl\u00a0\u00bb &lt;fkreinhart@usti.net&gt;, Prof. Pierre Jacquot &lt;pierre.jacquot@epfl.ch&gt;, Clubenergie2051 &lt;jf.dupont@bluewin.ch&gt;, \u00ab\u00a0Pr\u00e9sidente Energiesuisse.net\u00a0\u00bb &lt;irene@aegerter.net&gt;, Les Travers du Vent Pr\u00e9sidente &lt;fabiennechapuis@hotmail.com&gt;, \u00ab\u00a0Dr.Markus H\u00e4ring\u00a0\u00bb &lt;haring@geoproject.ch&gt;, cristina.gaggini@economiesuisse.ch, etude@chiffelle.ch, F\u00e9d\u00e9ration romande pour l&rsquo;\u00e9nergie &lt;info@frenergie.ch&gt;<\/p>\n<p class=\"p1\" style=\"text-align: justify;\"><b>Objet : Strat\u00e9gie \u00e9nerg\u00e9tique de la Conf\u00e9d\u00e9ration (SE2050): des informations tr\u00e8s inqui\u00e9tantes\u00a0<\/b><\/p>\n<p class=\"p1\" style=\"text-align: justify;\"><b>Le pr\u00e9sent message n&rsquo;est pas confidentiel &#8211; sera publi\u00e9 dans le blog \u00ab\u00a0Toutes les \u00e9nergies\u00a0\u00bb\u00a0<\/b><\/p>\n<p class=\"p1\" style=\"text-align: justify;\"><b>Destinataire:\u00a0<\/b><b>\u00a0Conseil f\u00e9d\u00e9ral\u00a0<\/b><\/p>\n<p class=\"p1\" style=\"text-align: justify;\"><b>\u00a0Att. M. le Pr\u00e9sident de la Conf\u00e9d\u00e9ration\u00a0Schneider-Ammann\u00a0\u00a0Johann N.\u00a0<\/b><\/p>\n<p class=\"p1\" style=\"text-align: justify;\">\u00a0p.a. Chancellerie f\u00e9d\u00e9rale , Palais f\u00e9d\u00e9ral ouest , \u00a0<span class=\"s1\">3003 Berne\u00a0<\/span><\/p>\n<p class=\"p1\" style=\"text-align: justify;\">Monsieur le Pr\u00e9sident,<\/p>\n<p class=\"p1\" style=\"text-align: justify;\">La pr\u00e9sente concerne des d\u00e9faillances, apparues en public, du D\u00e9partement\u00a0f\u00e9d\u00e9ral DETEC. De plus,\u00a0<b>la d\u00e9cision pr\u00e9cipit\u00e9e de 2011 de tentative de sortie\u00a0du nucl\u00e9aire n&rsquo;est pas applicable et\u00a0n\u00e9cessite d&rsquo;\u00eatre rapidement rapport\u00e9e,\u00a0sous peine de d\u00e9sastre \u00e0 terme: une tr\u00e8s forte d\u00e9pendance aux importations.<\/b><\/p>\n<p class=\"p1\" style=\"text-align: justify;\">\u00a7 Apr\u00e8s avoir \u00e9cout\u00e9 attentivement une conversation du 27 juillet \u00e0 la radio entre\u00a0M. le Pr.\u00a0honoraire de l&rsquo;EPFL\u00a0Reinhart\u00a0(quand il a enfin pu placer un mot !)\u00a0et\u00a0M. le Conseiller\u00a0national Br\u00e9laz, je tiens \u00e0\u00a0vous signaler une profonde\u00a0erreur\u00a0dans les propos de ce dernier: en substance, selon lui <i>\u00ables barrages suisses seront utilis\u00e9s avec les \u00e9nergies\u00a0renouvelables\u00a0dans le futur\u00a0de l&rsquo;\u00e9lectricit\u00e9 pour le\u00a0remplacement du nucl\u00e9aire\u00bb<\/i>. Or cette\u00a0solution se r\u00e9v\u00e8le par calcul inapplicable en Suisse\u00a0(du fait des\u00a0facteurs de\u00a0charges extr\u00eamement courts\u00a0des parcs photovolta\u00efques); la SE2050 est \u00a0de ce fait\u00a0compromise, s\u00e9rieusement\u00a0dans\u00a0le p\u00e9trin ! L&rsquo;Office f\u00e9d\u00e9ral concern\u00e9 a refus\u00e9 dans un pass\u00e9 r\u00e9cent de\u00a0recevoir les remarques du Pr. Reinhart: un \u00ab\u00a0Vielschreiber\u00a0\u00bb !<\/p>\n<p class=\"p1\" style=\"text-align: justify;\">\u00a7 D&rsquo;autre part, les \u00e9oliennes se r\u00e9v\u00e8lent une des causes du r\u00e9chauffement climatique,\u00a0sans que la Conf\u00e9d\u00e9ration ait le moins du monde r\u00e9agi \u00e0 cet obstacle r\u00e9dhibitoire.<\/p>\n<p class=\"p1\" style=\"text-align: justify;\">Les physiciens Pr. Jacquot et Pr. Reinhart se sont aper\u00e7us d&rsquo;erreurs massives dans\u00a0le calcul du\u00a0potentiel th\u00e9orique \u00e9olien, sans que le DETEC r\u00e9agisse.<\/p>\n<p class=\"p1\" style=\"text-align: justify;\">Dans le Canton de Vaud, les projets continuent comme si de rien n&rsquo;\u00e9tait.<\/p>\n<p class=\"p1\" style=\"text-align: justify;\">\u00a7 Les informations \u00e0 propos d&rsquo;\u00e9nergie \u00e0 la RTSR, TV et radio, sont r\u00e9guli\u00e8rement\u00a0tronqu\u00e9es, sans que\u00a0les autorit\u00e9s de surveillance r\u00e9priment cette forme de censure.<\/p>\n<p class=\"p1\" style=\"text-align: justify;\"><b>\u00a7 Le d\u00e9partement DETEC en charge laissant passer de tr\u00e8s graves erreurs\u00a0de pr\u00e9paration\u00a0de la SE2050 sans\u00a0y rem\u00e9dier,\u00a0je me permets\u00a0donc\u00a0de\u00a0m&rsquo;adresser au Conseil f\u00e9d\u00e9ral, pour que soit redress\u00e9e la barre &#8230;<\/b><\/p>\n<p class=\"p1\" style=\"text-align: justify;\">Sources et documentation \u00e0 votre disposition.<\/p>\n<p class=\"p1\">Salutations respectueuses. &#8230;<\/p>\n<p class=\"p1\">================== \u00a0<b>Bibliographie<\/b><\/p>\n<p class=\"p1\"><b>\u00a7<\/b>\u00a0On peut \u00e9couter l&rsquo;\u00e9mission Forum du 27.7.2016 par le lien: \u00a0<a title=\"Pseudo-d\u00e9bat \u00e0 Radio-Lausanne\" href=\"http:\/\/www.rts.ch\/play\/radio\/forum\/audio\/la-transition-energetique-de-la-suisse-dans-une-impasse?id=7889145\" target=\"_blank\"><span class=\"s1\">http:\/\/www.rts.ch\/play\/radio\/forum\/audio\/la-transition-energetique-de-la-suisse-dans-une-impasse?id=7889145<\/span><\/a><\/p>\n<p class=\"p1\" style=\"text-align: justify;\">\u00a7 Les d\u00e9marches, suites de l&rsquo;\u00e9mission \u00abL&rsquo;Invit\u00e9 de la r\u00e9daction\u00bb du 8.7.2016, sont document\u00e9es\u00a0dans l&rsquo;article de lien:<\/p>\n<p class=\"p1\" style=\"text-align: justify;\"><a title=\"La Presse de Suisse romande sur l\u2019\u00e9nergie: censures \u2026\" href=\"http:\/\/www.entrelemanetjura.ch\/BLOG_WP_351\/la-presse-de-suisse-romande-sur-lenergie-censures\/\" target=\"_blank\"><span class=\"s3\">La Presse de Suisse romande sur l\u2019\u00e9nergie: censures \u2026\u00a0<\/span><span class=\"s4\">\u2192<\/span><\/a><\/p>\n<p class=\"p1\">==================\u00a0<b>Copies:\u00a0<\/b><\/p>\n<p class=\"p1\">&#8211; M. Daniel Br\u00e9laz, Conseiller national<\/p>\n<p class=\"p1\">&#8211; Mme Jacqueline de Quattro, Conseill\u00e8re d&rsquo;Etat VD<\/p>\n<p class=\"p4\"><span class=\"s2\">&#8211;\u00a0<\/span>Emission FORUM \u00a0\u00a0Radio T\u00e9l\u00e9vision Suisse<\/p>\n<p class=\"p4\">\u00a0 Avenue du Temple 40, \u00a0Case postale 78<\/p>\n<p class=\"p4\">\u00a0 CH &#8211; 1010 Lausanne \u00a0T\u00e9l. +41 (0)58 236 15 15<\/p>\n<p class=\"p5\"><span class=\"s5\">&#8211;\u00a0<\/span>Emission L&rsquo;INVIT\u00c9 DE LA R\u00c9DACTION, m\u00eame adresse<\/p>\n<p class=\"p1\">&#8211; Organisations ou personnes concern\u00e9es<\/p>\n<p class=\"p1\" style=\"text-align: center;\"><strong>* \u00a0 * \u00a0 *<\/strong><\/p>\n<p class=\"p1\" style=\"text-align: right;\"><strong>Andr\u00e9 Bovay-Rohr, Colombier-sur-Morges (VD), le 2 ao\u00fbt 2016<\/strong><\/p>\n<p class=\"p1\" style=\"text-align: justify;\"><strong>Commentaire<\/strong><\/p>\n<p class=\"p1\" style=\"text-align: justify;\">Lors de l&rsquo;implantation de parcs d&rsquo;\u00e9oliennes, il arrive qu&rsquo;il y ait des conflits d&rsquo;int\u00e9r\u00eats: la Commune sur le territoire de laquelle est projet\u00e9e\u00a0une de ces implantations va recevoir annuellement des redevances, de m\u00eame que les propri\u00e9taires vont recevoir une location et des d\u00e9dommagements; les montants sont tels, qu&rsquo;ils ont l&rsquo;effet d&rsquo;une corruption. On trouve ainsi des situations, o\u00f9 l&rsquo;ex\u00e9cutif, le l\u00e9gislatif et la population d&rsquo;une Commune vaudoise approuvent comme un seul homme la venue d&rsquo;\u00e9oliennes, alors que les Communes voisines sont contre !<\/p>\n<p class=\"p1\" style=\"text-align: justify;\">Voir en Allemagne jusqu&rsquo;o\u00f9 peut aller le d\u00e9rapage, ce qui nous attend si nous laissons faire chez nous \u00a0(ils en sont \u00e0 26&rsquo;000 \u00e9oliennes !)\u00a0sans publier TOUT sur les \u00e9lites locales:<\/p>\n<p class=\"p2\" style=\"text-align: justify;\"><a title=\"Reportage de la TV &quot;Das Erste&quot; en Ost-Frisland\" href=\"http:\/\/www.daserste.de\/information\/reportage-dokumentation\/dokus\/videosextern\/der-kampf-um-die-windraeder-112.html\" target=\"_blank\"><span class=\"s1\"><span class=\"s2\">http:\/\/www.daserste.de\/information\/reportage-dokumentation\/dokus\/videosextern\/<\/span><\/span><span class=\"s2\">der-kampf-um-die-windraeder-112.html<\/span><\/a><\/p>\n<p class=\"p1\" style=\"text-align: justify;\">la corruption y atteint des sommets, au point que maintenant on y construit des parcs d&rsquo;\u00e9oliennes inutiles, respectant de moins en moins la tranquilit\u00e9 des voisins et de la faune &#8230; mais lucratifs pour les \u00e9diles locaux. Or tout ce syst\u00e8me ne tient que par des subventions et par l&rsquo;obligation du r\u00e9seau \u00e9lectrique d&rsquo;absorber la production (ce qui est techniquement aberrant \u00e0 grande \u00e9chelle).<\/p>\n<p class=\"p1\" style=\"text-align: justify;\">Rappelons que toutes ces discussions n&rsquo;ont aucun sens: <strong>les \u00e9oliennes sont nocives pour le climat, leur utilisation en masses provoque l&rsquo;effet contraire \u00e0 celui recherch\u00e9 &#8230;<\/strong><\/p>\n<p class=\"p1\" style=\"text-align: justify;\"><strong>Bibliographie<\/strong><\/p>\n<p class=\"p1\" style=\"text-align: justify;\">\u00a0 \u00a0<a title=\"L\u2019exp\u00e9rience \u00e9lectrique de l\u2019Allemagne\" href=\"http:\/\/www.entrelemanetjura.ch\/BLOG_WP_351\/lexperience-electrique-de-lallemagne\/\" target=\"_blank\">L&rsquo;exp\u00e9rience \u00e9lectrique de l&rsquo;Allemagne<\/a><\/p>\n<p class=\"p1\" style=\"text-align: justify;\">\u00a0\u00a0<a title=\"Pas de neige \u00e0 No\u00ebl: \u00e9oliennes coupables ?\" href=\"http:\/\/www.entrelemanetjura.ch\/BLOG_WP_351\/la-neige-qui-manque-le-devons-nous-aux-eoliennes\/\" target=\"_blank\">Pas de neige \u00e0 No\u00ebl: \u00e9oliennes coupables<\/a><\/p>\n<p class=\"p1\" style=\"text-align: right;\"><strong>Andr\u00e9 Bovay-Rohr, Colombier-sur-Morges (VD), le 16 ao\u00fbt 2016<\/strong><\/p>\n","protected":false},"excerpt":{"rendered":"<p>Il m&rsquo;a sembl\u00e9 n\u00e9cessaire de ne pas laisser passer les informations synth\u00e9tis\u00e9es depuis des ann\u00e9es ici, \u00e0 propos de la strat\u00e9gie \u00e9nerg\u00e9tique suisse; cet \u00e9t\u00e9 elles ont pris un tour particuli\u00e8rement inqui\u00e9tant, par la distance astronomique existant entre les faits &hellip; <a href=\"https:\/\/www.entrelemanetjura.ch\/BLOG_WP_351\/lete-2016-sur-le-front-de-lenergie-des-informations-tres-inquietantes\/\">Continuer la lecture <span class=\"meta-nav\">&rarr;<\/span><\/a><\/p>\n","protected":false},"author":1,"featured_media":0,"comment_status":"closed","ping_status":"open","sticky":false,"template":"","format":"standard","meta":{"footnotes":""},"categories":[8,10,142,9],"tags":[59,237,34,257,93,26,31,241],"class_list":["post-1495","post","type-post","status-publish","format-standard","hentry","category-energie-2","category-nucleaire-civil-2","category-politique","category-suissepays","tag-59","tag-bovay-rohr","tag-berne","tag-conseil-federal","tag-derapage-federal","tag-electricite","tag-eoliennes","tag-franz-karl-reinhart"],"_links":{"self":[{"href":"https:\/\/www.entrelemanetjura.ch\/BLOG_WP_351\/wp-json\/wp\/v2\/posts\/1495","targetHints":{"allow":["GET"]}}],"collection":[{"href":"https:\/\/www.entrelemanetjura.ch\/BLOG_WP_351\/wp-json\/wp\/v2\/posts"}],"about":[{"href":"https:\/\/www.entrelemanetjura.ch\/BLOG_WP_351\/wp-json\/wp\/v2\/types\/post"}],"author":[{"embeddable":true,"href":"https:\/\/www.entrelemanetjura.ch\/BLOG_WP_351\/wp-json\/wp\/v2\/users\/1"}],"replies":[{"embeddable":true,"href":"https:\/\/www.entrelemanetjura.ch\/BLOG_WP_351\/wp-json\/wp\/v2\/comments?post=1495"}],"version-history":[{"count":7,"href":"https:\/\/www.entrelemanetjura.ch\/BLOG_WP_351\/wp-json\/wp\/v2\/posts\/1495\/revisions"}],"predecessor-version":[{"id":1507,"href":"https:\/\/www.entrelemanetjura.ch\/BLOG_WP_351\/wp-json\/wp\/v2\/posts\/1495\/revisions\/1507"}],"wp:attachment":[{"href":"https:\/\/www.entrelemanetjura.ch\/BLOG_WP_351\/wp-json\/wp\/v2\/media?parent=1495"}],"wp:term":[{"taxonomy":"category","embeddable":true,"href":"https:\/\/www.entrelemanetjura.ch\/BLOG_WP_351\/wp-json\/wp\/v2\/categories?post=1495"},{"taxonomy":"post_tag","embeddable":true,"href":"https:\/\/www.entrelemanetjura.ch\/BLOG_WP_351\/wp-json\/wp\/v2\/tags?post=1495"}],"curies":[{"name":"wp","href":"https:\/\/api.w.org\/{rel}","templated":true}]}}