{"id":148,"date":"2012-09-05T08:50:54","date_gmt":"2012-09-05T07:50:54","guid":{"rendered":"http:\/\/www.entrelemanetjura.ch\/BLOG_WP_351\/?p=148"},"modified":"2016-07-11T09:24:36","modified_gmt":"2016-07-11T07:24:36","slug":"tomioka-est-habitable","status":"publish","type":"post","link":"https:\/\/www.entrelemanetjura.ch\/BLOG_WP_351\/tomioka-est-habitable\/","title":{"rendered":"Tomioka est habitable"},"content":{"rendered":"<p style=\"text-align: justify;\"><span style=\"text-align: justify;\">Georges Baumgartner a brav\u00e9 la radioactivit\u00e9 \u00e0 Fukushima; tr\u00e8s bon reportage, mais le commentaire pessimiste est injustifiable, devant un paysage tr\u00e8s vert (situ\u00e9 \u00e0 la latitude de la Sicile, avec un arrosage de pluie r\u00e9gulier).<\/span><\/p>\n<p style=\"text-align: justify;\">\u00a0\u00ab\u00a0<i>Dans la zone interdite, devant la gare de Tomioka, rien n&rsquo;a chang\u00e9; depuis le tsunami, la vie reste effac\u00e9e par les radiations<\/i>\u00ab\u00a0. Or si le paysage film\u00e9 montre bien les destructions du tsunami sur les constructions humaines, on y voit aussi des herbes poussant entre les plaques de b\u00e9ton (qui ont visiblement profit\u00e9 de l&rsquo;absence des traitements herbicides) et <b>de nombreux beaux arbres irradi\u00e9s, absolument pas \u00ab\u00a0effac\u00e9s\u00a0\u00bb.<\/b><br \/>\nSelon le pompier \u00e0 l&rsquo;image,<i> la radioactivit\u00e9 ambiante \u00e9tait de 9.2 \u00b5Sv\/h en octobre 2011 et\u00a0 6.4 \u00b5Sv\/h en ao\u00fbt 2012<\/i>; cela se traduit par respectivement 80 mSv\/an et 56 mSv\/an: <b>oh, ah! DES CHIFFRES. Non seulement les valeurs sont en d\u00e9croissance rapide, mais surtout dans une plage acceptable: ce lieu est habitable d\u00e8s maintenant.<\/b><br \/>\n<i>La centrale de Fukushima continue de d\u00e9gager du C\u00e9sium<\/i>: des poussi\u00e8res ou des vapeurs de Cs ?! R\u00e9ellement tr\u00e8s, tr\u00e8s surprenant; \u00e0 la rigueur du tritium ou de l&rsquo;iode, mais du Cs??? Qu&rsquo;on me comprenne bien: on ne pourra pas manger fruits et l\u00e9gumes de cette zone sans pr\u00e9cautions.<br \/>\n<i>Municipalit\u00e9 de Tomioka: M. Ryo Sugimoto doute que l&rsquo;on puisse d\u00e9contaminer la zone,<\/i> alors qu&rsquo;<b>on entend en bruit de fond cigales, sauterelles ou grillons, dans une v\u00e9g\u00e9tation exub\u00e9rante \u2026 La pluie a d\u00e9j\u00e0 bien nettoy\u00e9; pourquoi M. Rochebin ne le dit-il pas AUSSI ?<\/b><\/p>\n<p>Source: le 19:30 de RTS du 4.9.2012, accessible d\u00e8s le 5.9.2012 sur<\/p>\n<p style=\"text-align: justify;\">\u00a0 \u00a0 <a title=\"TJ grand format\" href=\"http:\/\/www.rts.ch\/video\/info\/journal-19h30\/4246498-le-grand-format-retour-sur-la-tragedie-de-fukushima-au-japon.html\" target=\"_blank\">http:\/\/www.rts.ch\/video\/info\/journal-19h30\/4246498-le-grand-format-retour-sur-la-tragedie-de-fukushima-au-japon.html<\/a><\/p>\n<p style=\"text-align: justify;\"><b>Commentaires<\/b><\/p>\n<p style=\"text-align: justify;\">En r\u00e9ponse \u00e0 la derni\u00e8re question concernant Monsieur Rochebin &#8211; mais c&rsquo;est un avis personnel, il est sans doute trop format\u00e9 au mot \u00e0 la seconde pr\u00e8s, cela d\u00e9passe son temps de pr\u00e9sentation du TJ.<br \/>\nLes pr\u00e9sentateurs TV des autres chaines ne donnent jamais l&rsquo;impression d&rsquo;avoir le feu au popotin, lui et ses coll\u00e8gue si! Ils sont trop coinc\u00e9s nos pr\u00e9sentateurs du TJ. Pour peu on les imagine T\u00e9moins de J\u00e9hova.<\/p>\n<p style=\"text-align: justify;\">\u00c9crit par : lovsmeralda | 06\/09\/2012<\/p>\n<p style=\"text-align: justify;\">@ lovsmeralda<br \/>\nMerci pour ce commentaire tr\u00e8s taquin ! Ce n&rsquo;est vraiment pas \u00e0 quoi je pensais &#8230;<br \/>\nMoi, ce qui me choque, c&rsquo;est le fait que l&rsquo;auteur du reportage dramatise les aspects \u00ab\u00a0radioactivit\u00e9\u00a0\u00bb et donc \u00ab\u00a0critique du nucl\u00e9aire\u00a0\u00bb de la situation, sans jamais se demander si cette dramatisation est fond\u00e9e. Car ce sont le s\u00e9isme, puis le tsunami, qui ont g\u00e9n\u00e9r\u00e9 les soucis en premier lieu (et continuent) &#8230;<br \/>\nLa r\u00e9daction du 19:30 n&rsquo;a pas non plus r\u00e9-\u00e9quilibr\u00e9 la pr\u00e9sentation: vous vous en accommodez? <strong>D&rsquo;autre part, pourquoi ne nous dit-on pas comment le Japon s&rsquo;est d\u00e9brouill\u00e9 avec son \u00e9lectricit\u00e9 (puisque le nucl\u00e9aire est largement absent) ?<\/strong><\/p>\n<p style=\"text-align: justify;\">\u00c9crit par : courage dit-il | 14\/09\/2012<\/p>\n<p style=\"text-align: justify;\">@Courage, Merci mais de temps \u00e0 autre j&rsquo;\u00e9prouve le besoin de la rigolade ,\u00e9l\u00e9ment secondaire \u00e0 la radioactivit\u00e9 c\u00e9r\u00e9brale qui fait suite aux nombreuses mises \u00e0 l&rsquo;index actuelles.Il faut relativiser dirait Einstein et je rejoins votre questionnement.Cependant apr\u00e8s avoir visualis\u00e9 le Jugement d&rsquo;Eischmann et entendu un \u00e9crivain Isra\u00e9lite qui a connu la d\u00e9portation affirmer nous sommes tous des d\u00e9chets radioactifs .On ne peut que lui donner raison et activement \u00e9nerv\u00e9s par les ondes sans doute ceux ceux \u00e9mettant toutes ces critiques oublient -ils de raisonner logiquement car intoxiqu\u00e9s m\u00eame \u00e0 leur insu par des images diffus\u00e9e 24h sur 24 qui sont aussi tueuses sinon plus qu&rsquo;une centrale nucl\u00e9aire.<br \/>\nEt puis pouquoi se faire du souci la nouvelle soupe aux Iphones est arriv\u00e9e,avec en plus le dessert \u00e0 l&rsquo;Ipad le tout assorti de factures \u00e0 payer pour les parents qui , avec le d\u00e9mantellement des centrales n&rsquo;auront m\u00eame plus droit aux rentes AVS ce sera travail jusqu&rsquo;\u00e0 leur dernier souffle!<br \/>\nComme quoi avant de bien voter ce qui a \u00e9t\u00e9 accept\u00e9 lors d&rsquo;une votation ,il eut fallu r\u00e9fl\u00e9chir plus loin que le le bout de son nez! ceux ayant vot\u00e9 non n&rsquo;auront pas \u00e7a sur la conscience!<br \/>\nbon week&rsquo;end du Je\u00fbne pour Vous<\/p>\n<p style=\"text-align: justify;\">\u00c9crit par : lovsmeralda | 14\/09\/2012<\/p>\n<p style=\"text-align: justify;\"><strong>Commentaire<\/strong><\/p>\n<p class=\"p1\"><b>De : <\/b>Famille Bovay-Rohr\u00a0<b>Date : <\/b>10 mars 2016 15:03:59 HNEC<\/p>\n<p class=\"p1\" style=\"text-align: justify;\"><b>\u00c0 : <\/b>pierre.ruetschi@tdg.ch, david.haeberli@tdg.ch, news@tdg.ch, m.linton@tokyoprod.com<\/p>\n<p class=\"p1\" style=\"text-align: justify;\"><b>Cc : <\/b>Conf\u00e9d\u00e9ration Chef DFAE &lt;info@bk.admin.ch&gt;, pressestelle.ch@greenpeace.org, florian.kasser@greenpeace.org, \u00ab\u00a0Robert.Cramer@parl.ch\u00a0\u00bb &lt;robert.cramer@parl.ch&gt;, Benoit Genecand &lt;benoitgenecand@gmail.com&gt;, jf Dupont &lt;jf.dupont@bluewin.ch&gt;<\/p>\n<p class=\"p1\"><b>Objet : Saines lectures contre d\u00e9sinformation ressass\u00e9e<\/b><\/p>\n<p class=\"p1\"><b>Le pr\u00e9sent message n&rsquo;est pas confidentiel<\/b><\/p>\n<p class=\"p1\">Destinataire:\u00a0Ministre suisse des affaires \u00e9trang\u00e8res, M. Didier Burkhalter<\/p>\n<p class=\"p1\">Copies:<\/p>\n<p class=\"p1\">&#8211;\u00a0Mme Linton, Mme Giomataris,\u00a0\u00a0R\u00e9daction de TdG<\/p>\n<p class=\"p1\">&#8211;\u00a0Greenpeace Suisse<\/p>\n<p class=\"p1\">&#8211; Parlementaires f\u00e9d\u00e9raux de Gen\u00e8ve<\/p>\n<p class=\"p1\">&#8211; Expert pr\u00e9sent \u00e0 Aespri le 24.2.2016<\/p>\n<p class=\"p1\">Monsieur le Conseiller f\u00e9d\u00e9ral,<\/p>\n<p class=\"p1\" style=\"text-align: justify;\"><b>L&rsquo;intervention de Greenpeace suisse aupr\u00e8s d&rsquo;un \u00e9dile japonais, pour l&rsquo;inciter \u00e0 se m\u00ealer des affaires en Suisse, est-elle\u00a0<\/b><b>vraiment acceptable ? On trouve relat\u00e9 ce fait \u00e0 la fin de l&rsquo;article ci-dessous, lien:\u00a0<\/b><\/p>\n<p class=\"p3\"><span class=\"s1\"><b>\u00a0 \u00a0<\/b><a href=\"http:\/\/www.tdg.ch\/monde\/cinq-ans-catastrophe-menace-maitrisee-fukushima\/story\/17374977\"><span class=\"s2\">http:\/\/www.tdg.ch\/monde\/cinq-ans-catastrophe-menace-maitrisee-fukushima\/story\/17374977<\/span><\/a>\u00a0 \u00a0<b>\u00a0<\/b><\/span><\/p>\n<p class=\"p1\">Salutations respectueuses.<\/p>\n<p class=\"p7\" style=\"text-align: center;\"><strong>\u00a0* \u00a0 * \u00a0 *<\/strong><\/p>\n<p class=\"p4\" style=\"text-align: justify;\"><strong><span style=\"text-decoration: underline;\">Extraits de la lettre aux intr\u00e9pides reporters:<\/span><\/strong><\/p>\n<p class=\"p4\" style=\"text-align: justify;\"><span class=\"s1\">\u00ab \u00a7 Dans l&rsquo;article du 9 mars 2016 \u00a0dans TdG \u00ab<\/span><b>Greenpeace Suisse: la radioactivit\u00e9 reste forte \u00e0 Fukushima<\/b><span class=\"s1\">\u00bb,\u00a0<\/span>j&rsquo;ai trouv\u00e9 tr\u00e8s bien les mesures rigoureuses de la radioactivit\u00e9 ambiante: 0.2 \u00e0 1 \u00b5sievert\/heure(savoir 1.8 \u00e0 8.8 mSievert\/an), ce qui est extr\u00eamement faible (et inoffensif). <b>La r\u00e9gion o\u00f9 vous avez fait ces mesures est donc manifestement\u00a0habitable<\/b>; elle l&rsquo;\u00e9tait probablement aussi quelques jours apr\u00e8s la rupture d\u00e9sastreuse du confinement de la centrale nucl\u00e9aire cit\u00e9e &#8230; La r\u00e9gion\u00a0(latitude de la Sicile)\u00a0dont vous \u00e9voquez les probl\u00e8mes re\u00e7oit 800 mm de pluie par an; elle a donc \u00e9t\u00e9 lav\u00e9e en 5 ans par\u00a04&rsquo;000 mm. d&rsquo;eau\u00a0distill\u00e9e, tr\u00e8s agressive \u00e0 l&rsquo;\u00e9gard des poussi\u00e8res !<\/p>\n<p class=\"p1\" style=\"text-align: justify;\">\u00a7 Quant aux contaminations, peu probables mais possibles, il est clair que <b>tout le Japon est condamn\u00e9 \u00e0 v\u00e9rifier la radioactivit\u00e9\u00a0<\/b><b>de sa nourriture, pas seulement\u00a0la r\u00e9gion de Fukushima &#8230; <\/b>C&rsquo;est \u00e0 mon avis la seule \u00e9ventuelle menace r\u00e9elle en cette affaire.<\/p>\n<p class=\"p1\" style=\"text-align: justify;\"><i>\u00a7 A propos de radioactivit\u00e9 ambiante, je vous sugg\u00e8re de lire les articles d&rsquo;il y a plusieurs ann\u00e9es, sur le blog scientifique\u00a0<\/i><i>\u00a0\u00ab\u00a0Toutes les \u00e9nergies\u00a0\u00bb,\u00a0dont je suis \u00e9diteur:\u00a0<\/i><\/p>\n<p class=\"p5\"><span class=\"s3\">\u00a0 \u00a0<a title=\"Radioactivit\u00e9: une fraude scientifique en a exag\u00e9r\u00e9 les risques\" href=\"http:\/\/www.entrelemanetjura.ch\/BLOG_WP_351\/radioactivite-une-fraude-scientifique-en-a-exagere-les-risques\/\" target=\"_blank\"><span class=\"s4\">Radioactivit\u00e9: une fraude scientifique en a exag\u00e9r\u00e9 les risques<\/span><\/a><\/span><span class=\"s5\"><i>\u00a0 \u00a0<\/i><\/span><\/p>\n<p class=\"p3\"><span class=\"s1\"><i>\u00a0\u00a0<\/i><a title=\"Le domaine de la radio-protection vacille\" href=\"http:\/\/www.entrelemanetjura.ch\/BLOG_WP_351\/le-domaine-de-la-radio-protection-vacille\/\" target=\"_blank\"><span class=\"s2\"><i>\u00a0Le domaine de la radio-protection vacille<\/i><\/span><\/a><i>\u00a0 \u00a0\u00a0<\/i><\/span><\/p>\n<p class=\"p5\"><span class=\"s3\"><i>\u00a0 \u00a0<\/i><a title=\"Eviter de se faire avoir\" href=\"http:\/\/www.entrelemanetjura.ch\/BLOG_WP_351\/eviter-de-se-faire-avoir\/\" target=\"_blank\"><span class=\"s4\">Eviter de se faire avoir<\/span><\/a><i>\u00a0 \u00a0<\/i><\/span><\/p>\n<p class=\"p1\" style=\"text-align: justify;\"><b><i>y compris toute la documentation cit\u00e9e, sur la fraude scientifique (par Hermann Joseph Muller) \u00e0 l&rsquo;origine de vos craintes ! <\/i><\/b><i>\u00a0<\/i><b><i>Le rapport r\u00e9cent de la commission UNSCEAR est aussi \u00e0 lire.\u00a0<\/i><\/b><\/p>\n<p class=\"p1\" style=\"text-align: justify;\">En fait, au-dessous de 100 mSievert\/an, il n&rsquo;y a pas lieu de beaucoup se soucier de la radioactivit\u00e9 ambiante (voir <a title=\"Table de Bertrand Barr\u00e9 - au bas de l'articel\" href=\"http:\/\/energie.lexpansion.com\/energie-nucleaire\/radioactivite-l-effet-pervers-de-normes-trop-strictes_a-32-7966.html\" target=\"_blank\">la table de l&rsquo;expert\u00a0fran\u00e7ais\u00a0Bertrand Barr\u00e9<\/a>, cit\u00e9e dans le blog).<\/p>\n<p class=\"p1\" style=\"text-align: justify;\"><b>\u00a7 L&rsquo;\u00e9vacuation de toute la r\u00e9gion \u00e9tait donc vraisemblablement inutile: en fin de compte, vous \u00e9voquez une menace fant\u00f4me &#8230;\u00a0<\/b><b>La crise a-t-elle vraiment \u00e9t\u00e9 g\u00e9r\u00e9e raisonnablement &#8211; le public japonais a-t-il vraiment \u00e9t\u00e9 correctement inform\u00e9 ?\u00a0<\/b><\/p>\n<p class=\"p1\" style=\"text-align: justify;\">\u00a7 Quant au red\u00e9marrage des r\u00e9acteurs nucl\u00e9aires japonais, c&rsquo;est la seule mesure possible pour diminuer rapidement les monstrueuses \u00e9missions de CO2 du Japon &#8211; et la terrible h\u00e9morragie financi\u00e8re que les importations de fuel et de GPL ont caus\u00e9e.<\/p>\n<p class=\"p1\">\u00a7 Quant \u00e0 la situation de l&rsquo;\u00e9nergie en Suisse actuellement, lire:<\/p>\n<p class=\"p3\"><span class=\"s1\">\u00a0 \u00a0<a title=\"Strat\u00e9gie \u00e9nerg\u00e9tique suisse fourvoy\u00e9e\" href=\"http:\/\/www.entrelemanetjura.ch\/BLOG_WP_351\/strategie-energetique-suisse-fourvoyee\/\" target=\"_blank\">S<span class=\"s2\">trategie \u00e9nerg\u00e9tique suisse fourvoy\u00e9e<\/span><\/a>\u00a0\u00a0<\/span><\/p>\n<p class=\"p1\" style=\"text-align: justify;\">Ce n&rsquo;est qu&rsquo;apr\u00e8s avoir compris ce qui s&rsquo;y trouve, qu&rsquo;on peut se demander si l&rsquo;on peut se passer en Suisse de nucl\u00e9aire &#8230; \u00bb<\/p>\n<p class=\"p7\" style=\"text-align: right;\"><strong>Andr\u00e9 Bovay-Rohr, Colombier (VD), 10 mars 2016, r\u00e9v. 11.7.2016<\/strong><\/p>\n","protected":false},"excerpt":{"rendered":"<p>Georges Baumgartner a brav\u00e9 la radioactivit\u00e9 \u00e0 Fukushima; tr\u00e8s bon reportage, mais le commentaire pessimiste est injustifiable, devant un paysage tr\u00e8s vert (situ\u00e9 \u00e0 la latitude de la Sicile, avec un arrosage de pluie r\u00e9gulier). \u00a0\u00ab\u00a0Dans la zone interdite, devant &hellip; <a href=\"https:\/\/www.entrelemanetjura.ch\/BLOG_WP_351\/tomioka-est-habitable\/\">Continuer la lecture <span class=\"meta-nav\">&rarr;<\/span><\/a><\/p>\n","protected":false},"author":1,"featured_media":0,"comment_status":"open","ping_status":"open","sticky":false,"template":"","format":"standard","meta":{"footnotes":""},"categories":[10,142,53,9,56],"tags":[60,228,320,61,20],"class_list":["post-148","post","type-post","status-publish","format-standard","hentry","category-nucleaire-civil-2","category-politique","category-science","category-suissepays","category-techniques","tag-decontamination","tag-fukushima","tag-incitation-a-lingerence","tag-japon","tag-radioactivite"],"_links":{"self":[{"href":"https:\/\/www.entrelemanetjura.ch\/BLOG_WP_351\/wp-json\/wp\/v2\/posts\/148","targetHints":{"allow":["GET"]}}],"collection":[{"href":"https:\/\/www.entrelemanetjura.ch\/BLOG_WP_351\/wp-json\/wp\/v2\/posts"}],"about":[{"href":"https:\/\/www.entrelemanetjura.ch\/BLOG_WP_351\/wp-json\/wp\/v2\/types\/post"}],"author":[{"embeddable":true,"href":"https:\/\/www.entrelemanetjura.ch\/BLOG_WP_351\/wp-json\/wp\/v2\/users\/1"}],"replies":[{"embeddable":true,"href":"https:\/\/www.entrelemanetjura.ch\/BLOG_WP_351\/wp-json\/wp\/v2\/comments?post=148"}],"version-history":[{"count":5,"href":"https:\/\/www.entrelemanetjura.ch\/BLOG_WP_351\/wp-json\/wp\/v2\/posts\/148\/revisions"}],"predecessor-version":[{"id":1455,"href":"https:\/\/www.entrelemanetjura.ch\/BLOG_WP_351\/wp-json\/wp\/v2\/posts\/148\/revisions\/1455"}],"wp:attachment":[{"href":"https:\/\/www.entrelemanetjura.ch\/BLOG_WP_351\/wp-json\/wp\/v2\/media?parent=148"}],"wp:term":[{"taxonomy":"category","embeddable":true,"href":"https:\/\/www.entrelemanetjura.ch\/BLOG_WP_351\/wp-json\/wp\/v2\/categories?post=148"},{"taxonomy":"post_tag","embeddable":true,"href":"https:\/\/www.entrelemanetjura.ch\/BLOG_WP_351\/wp-json\/wp\/v2\/tags?post=148"}],"curies":[{"name":"wp","href":"https:\/\/api.w.org\/{rel}","templated":true}]}}