{"id":1439,"date":"2016-07-04T16:02:37","date_gmt":"2016-07-04T14:02:37","guid":{"rendered":"http:\/\/www.entrelemanetjura.ch\/BLOG_WP_351\/?p=1439"},"modified":"2016-07-04T16:17:00","modified_gmt":"2016-07-04T14:17:00","slug":"letat-de-vaud-senferre-avec-ses-projets-deoliennes","status":"publish","type":"post","link":"https:\/\/www.entrelemanetjura.ch\/BLOG_WP_351\/letat-de-vaud-senferre-avec-ses-projets-deoliennes\/","title":{"rendered":"L&rsquo;Etat de Vaud s&rsquo;enferre avec ses projets d&rsquo;\u00e9oliennes"},"content":{"rendered":"<p class=\"p1\"><b>De : <\/b>Famille Bovay-Rohr \u00a0\u00a0<b>Date : <\/b>4 juillet 2016 15:28:06 HAEC<\/p>\n<p class=\"p1\"><b>\u00c0 : <\/b>du DTE Cheffe &lt;jacqueline.dequattro@vd.ch&gt;, cornelis.neet@vd.ch, conseil@vallorbe.ch, municipalite@vallorbe.ch<\/p>\n<p class=\"p1\"><b>Cc : <\/b>philippe.messeiller@lematin.ch, Jean-Marc Blanc &lt;jean-marc.blanc@jmbc.ch&gt;, Dr Christophe De Reyff &lt;c.dereyff@bluewin.ch&gt;, \u00ab\u00a0Prof.JACQUOT Pierre\u00a0\u00bb &lt;pierre.jacquot@epfl.ch&gt;, \u00ab\u00a0Prof. REINHART Franz-Karl\u00a0\u00bb &lt;fkreinhart@usti.net&gt;, Clubenergie2051 &lt;jf.dupont@bluewin.ch&gt;, lecteurs@letemps.ch, courrierdeslecteurs@24heures.ch, \u00ab\u00a0Rappaz, Bernard (RTS)\u00a0\u00bb &lt;Bernard.Rappaz@rts.ch&gt;, alain.rebetez@rts.ch<\/p>\n<p class=\"p1\"><b>Objet : L&rsquo;opposition aux \u00e9oliennes est h\u00e9las scientifiquement fond\u00e9e<\/b><\/p>\n<p class=\"p1\"><b>Le pr\u00e9sent message n&rsquo;est pas confidentiel,\u00a0&#8230;<\/b><\/p>\n<p class=\"p1\">Destinataires:<\/p>\n<p class=\"p1\">&#8211; Mme Jacqueline De Quattro, Conseill\u00e8re d&rsquo;Etat, pour l&rsquo;Etat de Vaud<\/p>\n<p class=\"p1\">&#8211; M Cornelis Neet, responsable de la DGE<\/p>\n<p class=\"p1\">&#8211; M. St\u00e9phane Costantini, Syndic de Vallorbe, pour la Municipalit\u00e9<\/p>\n<p class=\"p1\">&#8211; Conseil communal de Vallorbe<\/p>\n<p class=\"p1\">Copies:<\/p>\n<p class=\"p1\">-R\u00e9dacteur en Chef adjoint responsable Le Matin<\/p>\n<p class=\"p1\">&#8211; Paysage-Libre Vaud<\/p>\n<p class=\"p1\">&#8211; Experts<\/p>\n<p class=\"p1\">&#8211; Journalistes et courriers des lecteurs<\/p>\n<p class=\"p1\">Madame la Conseill\u00e8re d&rsquo;Etat, \u00a0 Monsieur le Syndic,<\/p>\n<p class=\"p1\">Par la pr\u00e9sente, j&rsquo;ai le regret de r\u00e9agir \u00e0 la conf\u00e9rence de Presse document\u00e9e dans l&rsquo;article<\/p>\n<p class=\"p3\"><span class=\"s2\">\u00a0 \u00a0<a href=\"http:\/\/www.lematin.ch\/suisse\/vaud-grand-potentiel-eolien-suisse\/story\/19926720\" target=\"_blank\"><span class=\"s3\">http:\/\/www.lematin.ch\/suisse\/vaud-grand-potentiel-eolien-suisse\/story\/19926720<\/span><\/a>\u00a0 \u00a0<\/span><\/p>\n<p class=\"p1\" style=\"text-align: justify;\">La persistance des projets \u00e9nerg\u00e9tiques vaudois \u00a0actuels est plus qu&rsquo;\u00e9tonnante\u00a0et\u00a0pr\u00e9occupante, les donn\u00e9es scientifiques d\u00e9courageantes ou alarmantes en cause ayant \u00e9t\u00e9 communiqu\u00e9es \u00e0 la\u00a0Conf\u00e9d\u00e9ration et \u00a0\u00e0 l&rsquo;Etat de Vaud en primeur depuis longtemps &#8211; puis publi\u00e9es.<\/p>\n<p class=\"p1\" style=\"text-align: justify;\">1. La Strat\u00e9gie \u00e9nerg\u00e9tique de la Conf\u00e9d\u00e9ration a \u00e9t\u00e9 mal pr\u00e9par\u00e9e et court \u00e0 un \u00e9chec cuisant. Le remplacement d&rsquo;aucune usine nucl\u00e9aire n&rsquo;est physiquement possible par des \u00e9nergies renouvelables. Le potentiel \u00e9olien a \u00e9t\u00e9 mal \u00e9valu\u00e9 et on a \u00ab\u00a0oubli\u00e9\u00a0\u00bb de mentionner que le pr\u00e9l\u00e8vement de cette \u00e9nergie \u00e0 \u00e9chelle industrielle participe et participera durablement au r\u00e9chauffement climatique: c&rsquo;est juste l&rsquo;inverse des objectifs poursuivis !<\/p>\n<p class=\"p1\" style=\"text-align: justify;\">2. Les travaux des scientifiques ayant publi\u00e9 dans le blog scientifique ind\u00e9pendant \u00ab\u00a0Toutes les \u00e9nergies\u00a0\u00bb l&rsquo;ont \u00e9t\u00e9 par d\u00e9vouement \u00e0 la Communaut\u00e9. Il ne s&rsquo;agit en aucune mani\u00e8re d&rsquo;opposition de principe, mais d&rsquo;avertissements sans frais aux Autorit\u00e9s de l&rsquo;\u00e9nergie contre des strat\u00e9gies qu&rsquo;il faut bien qualifier d&rsquo; \u00ab\u00a0entreprises t\u00e9m\u00e9raires\u00a0\u00bb.\u00a0Cela devrait \u00e9viter \u00e0 l&rsquo;Etat de Vaud, aux Communes et \u00e0 nos investisseurs un formidable gaspillage financier.<\/p>\n<p class=\"p1\" style=\"text-align: justify;\">3. L&rsquo;influence sur le climat des parcs \u00e9oliens a g\u00e9n\u00e9r\u00e9 des pr\u00e9judices, qui t\u00f4t ou tard donneront lieu \u00e0 des litiges\u00a0et \u00e0 des demandes d&rsquo;indemnit\u00e9s;\u00a0il est irresponsable pour la Conf\u00e9d\u00e9ration, les Cantons et les Communes de se lancer\u00a0dans cette calamit\u00e9 aussi.<\/p>\n<p class=\"p1\">A votre disposition. Salutations respectueuses. &#8230;<\/p>\n<p class=\"p1\" style=\"text-align: right;\"><strong>Andr\u00e9 Bovay-Rohr, Colombier (VD), le 4 juillet 2016<\/strong><\/p>\n<p class=\"p1\" style=\"text-align: justify;\"><strong>\u00a0Bibliographie<\/strong> (ne figurait pas dans le courriel)<\/p>\n<p class=\"p1\" style=\"text-align: justify;\"><a title=\"Electricit\u00e9 en Suisse: roul\u00e9s dans la farine !\" href=\"http:\/\/www.entrelemanetjura.ch\/BLOG_WP_351\/electricite-en-suisse-roules-dans-la-farine\/\" target=\"_blank\" rel=\"next\">Electricit\u00e9 en Suisse: roul\u00e9s dans la farine !<\/a><\/p>\n<p class=\"p1\" style=\"text-align: justify;\"><a title=\"Remplacer M\u00fchleberg nucl\u00e9aire ? Exclu !\" href=\"http:\/\/www.entrelemanetjura.ch\/BLOG_WP_351\/remplacer-muhleberg-nucleaire-exclu\/\" target=\"_blank\">Remplacer M\u00fchleberg nucl\u00e9aire ? Exclu !<\/a><\/p>\n<p class=\"p1\" style=\"text-align: justify;\"><a title=\"Potentiel th\u00e9orique \u00e9olien\" href=\"http:\/\/www.entrelemanetjura.ch\/BLOG_WP_351\/potentiel-theorique-eolien\/\" target=\"_blank\">Potentiel th\u00e9orique \u00e9olien<\/a><\/p>\n<p class=\"p1\" style=\"text-align: justify;\"><a title=\"Pas de neige \u00e0 No\u00ebl: \u00e9oliennes coupables ?\" href=\"http:\/\/www.entrelemanetjura.ch\/BLOG_WP_351\/la-neige-qui-manque-le-devons-nous-aux-eoliennes\/\" target=\"_blank\">Pas de neige \u00e0 No\u00ebl: \u00e9oliennes coupables ?<\/a><\/p>\n<p class=\"p1\" style=\"text-align: right;\"><strong>Andr\u00e9 Bovay-Rohr, Colombier (VD), le 4 juillet 2016<\/strong><\/p>\n","protected":false},"excerpt":{"rendered":"<p>De : Famille Bovay-Rohr \u00a0\u00a0Date : 4 juillet 2016 15:28:06 HAEC \u00c0 : du DTE Cheffe &lt;jacqueline.dequattro@vd.ch&gt;, cornelis.neet@vd.ch, conseil@vallorbe.ch, municipalite@vallorbe.ch Cc : philippe.messeiller@lematin.ch, Jean-Marc Blanc &lt;jean-marc.blanc@jmbc.ch&gt;, Dr Christophe De Reyff &lt;c.dereyff@bluewin.ch&gt;, \u00ab\u00a0Prof.JACQUOT Pierre\u00a0\u00bb &lt;pierre.jacquot@epfl.ch&gt;, \u00ab\u00a0Prof. REINHART Franz-Karl\u00a0\u00bb &lt;fkreinhart@usti.net&gt;, Clubenergie2051 &lt;jf.dupont@bluewin.ch&gt;, &hellip; <a href=\"https:\/\/www.entrelemanetjura.ch\/BLOG_WP_351\/letat-de-vaud-senferre-avec-ses-projets-deoliennes\/\">Continuer la lecture <span class=\"meta-nav\">&rarr;<\/span><\/a><\/p>\n","protected":false},"author":1,"featured_media":0,"comment_status":"closed","ping_status":"open","sticky":false,"template":"","format":"standard","meta":{"footnotes":""},"categories":[64,142],"tags":[237,31,63,43],"class_list":["post-1439","post","type-post","status-publish","format-standard","hentry","category-energies-renouvelables","category-politique","tag-bovay-rohr","tag-eoliennes","tag-gaspillage","tag-haute-finance"],"_links":{"self":[{"href":"https:\/\/www.entrelemanetjura.ch\/BLOG_WP_351\/wp-json\/wp\/v2\/posts\/1439","targetHints":{"allow":["GET"]}}],"collection":[{"href":"https:\/\/www.entrelemanetjura.ch\/BLOG_WP_351\/wp-json\/wp\/v2\/posts"}],"about":[{"href":"https:\/\/www.entrelemanetjura.ch\/BLOG_WP_351\/wp-json\/wp\/v2\/types\/post"}],"author":[{"embeddable":true,"href":"https:\/\/www.entrelemanetjura.ch\/BLOG_WP_351\/wp-json\/wp\/v2\/users\/1"}],"replies":[{"embeddable":true,"href":"https:\/\/www.entrelemanetjura.ch\/BLOG_WP_351\/wp-json\/wp\/v2\/comments?post=1439"}],"version-history":[{"count":3,"href":"https:\/\/www.entrelemanetjura.ch\/BLOG_WP_351\/wp-json\/wp\/v2\/posts\/1439\/revisions"}],"predecessor-version":[{"id":1442,"href":"https:\/\/www.entrelemanetjura.ch\/BLOG_WP_351\/wp-json\/wp\/v2\/posts\/1439\/revisions\/1442"}],"wp:attachment":[{"href":"https:\/\/www.entrelemanetjura.ch\/BLOG_WP_351\/wp-json\/wp\/v2\/media?parent=1439"}],"wp:term":[{"taxonomy":"category","embeddable":true,"href":"https:\/\/www.entrelemanetjura.ch\/BLOG_WP_351\/wp-json\/wp\/v2\/categories?post=1439"},{"taxonomy":"post_tag","embeddable":true,"href":"https:\/\/www.entrelemanetjura.ch\/BLOG_WP_351\/wp-json\/wp\/v2\/tags?post=1439"}],"curies":[{"name":"wp","href":"https:\/\/api.w.org\/{rel}","templated":true}]}}