{"id":1102,"date":"2014-11-22T10:35:05","date_gmt":"2014-11-22T09:35:05","guid":{"rendered":"http:\/\/www.entrelemanetjura.ch\/BLOG_WP_351\/?p=1102"},"modified":"2015-01-15T10:48:51","modified_gmt":"2015-01-15T09:48:51","slug":"nucleaire-un-constat-implacable-vraiment","status":"publish","type":"post","link":"https:\/\/www.entrelemanetjura.ch\/BLOG_WP_351\/nucleaire-un-constat-implacable-vraiment\/","title":{"rendered":"Nucl\u00e9aire: un constat implacable, vraiment?"},"content":{"rendered":"<p style=\"text-align: justify;\">Lettre de lecteur, publi\u00e9e dans Le Temps le 5 d\u00e9cembre, dont le titre a \u00e9t\u00e9 chang\u00e9 par la r\u00e9daction du LT en \u00ab\u00a0Nucl\u00e9aire : sortie h\u00e2tive\u00a0\u00bb.<\/p>\n<p style=\"text-align: justify;\">D\u2019o\u00f9 vient cette certitude (voir <a href=\"http:\/\/www.letemps.ch\/Page\/Uuid\/f4954822-70ff-11e4-a6c2-0081b93c5d12\/La_sortie_indecise_du_nucleaire\" target=\"_blank\">Le Temps du 21 novembre<\/a>) qu\u2019aucune centrale nucl\u00e9aire n\u2019a la moindre chance d\u2019\u00eatre construite en Suisse? Il ne faut pas se g\u00eaner de rappeler que des plans \u00e9taient quasiment pr\u00eats jusqu\u2019au 25 mai 2011 \u2013 date de la d\u00e9cision h\u00e2tive de \u00absortie\u00bb par le Conseil f\u00e9d\u00e9ral \u2013 pour trois nouveaux r\u00e9acteurs sur les sites des centrales actuelles et qu\u2019on serait en train de couler le radier du premier. On nous rebat les oreilles avec \u00abl\u2019exemple\u00bb allemand. Sortir du nucl\u00e9aire au prix de centrales polluantes au lignite, non merci!<\/p>\n<p style=\"text-align: justify;\">Il est illusoire de remplacer cette ressource nucl\u00e9aire par des agents renouvelables. En effet, on a, d\u2019une part, la n\u00e9cessit\u00e9 d\u2019assurer un courant de base qui est \u00e0 hauteur de 5 GW au minium toute l\u2019ann\u00e9e et, de l\u2019autre, la \u00abStrat\u00e9gie \u00e9nerg\u00e9tique 2050\u00bb (SE2050) propose ~24 TWh d\u2019\u00e9lectricit\u00e9 produite par des sources renouvelables dont principalement du solaires et de l\u2019\u00e9olien. On r\u00e9pond na\u00efvement \u00e0 une demande de garantie de puissance par un bilan d\u2019\u00e9nergie annuel! C\u2019est une grave confusion, car ce n\u2019est pas r\u00e9soudre le probl\u00e8me pos\u00e9. On ne peut pas garantir une puissance de base par des sources al\u00e9atoires et intermittentes. Le pompage-turbinage, que l\u2019on pr\u00e9sente comme la panac\u00e9e, doit de toute fa\u00e7on \u00eatre mis en \u0153uvre, mais son potentiel reste marginal (quelques TWh) et ne va de loin pas permettre de stocker 18 TWh en \u00e9t\u00e9 pour retrouver 14 TWh en hiver. Ce sont l\u00e0 des consid\u00e9rations de bon sens, bas\u00e9es sur un peu de physique. La SE2050 pr\u00e9voit aussi un apport de ~11 TWh par des centrales aux agents fossiles, soit ~8 Mt de CO2 en plus. Voulons-nous une vraie transition \u00e9nerg\u00e9tique vers moins de fossiles, oui ou non? Il serait absurde de se lancer dans une utilisation accrue d\u2019agents fossiles pour faire notre \u00e9lectricit\u00e9. De plus, avec une taxe \u00e0 120 francs la tonne de CO2, ce ne serait plus rentable. Regardons la r\u00e9alit\u00e9 en face, n\u2019imitons pas ceux qui s\u2019\u00e9garent!<\/p>\n<p style=\"text-align: justify;\">Nucl\u00e9aire: un constat implacable, vraiment?<\/p>\n<p style=\"text-align: right;\">Christophe de Reyff, Pensier (FR), le 22 novembre 2014<\/p>\n<p style=\"text-align: justify;\">Sur le m\u00eame th\u00e8me, voir\u00a0<b><a title=\"Nucl\u00e9aire : r\u00eaveries ou analyses s\u00e9rieuses ?\" href=\"http:\/\/www.entrelemanetjura.ch\/BLOG_WP_351\/nucleaire-reveries-ou-analyses-serieuses\/\" target=\"_blank\">Nucl\u00e9aire : r\u00eaveries ou analyses s\u00e9rieuses ?<\/a>\u00a0<\/b><\/p>\n<p style=\"text-align: right;\">l&rsquo;\u00e9diteur, le 15 janvier 2015<\/p>\n","protected":false},"excerpt":{"rendered":"<p>Lettre de lecteur, publi\u00e9e dans Le Temps le 5 d\u00e9cembre, dont le titre a \u00e9t\u00e9 chang\u00e9 par la r\u00e9daction du LT en \u00ab\u00a0Nucl\u00e9aire : sortie h\u00e2tive\u00a0\u00bb. D\u2019o\u00f9 vient cette certitude (voir Le Temps du 21 novembre) qu\u2019aucune centrale nucl\u00e9aire n\u2019a &hellip; <a href=\"https:\/\/www.entrelemanetjura.ch\/BLOG_WP_351\/nucleaire-un-constat-implacable-vraiment\/\">Continuer la lecture <span class=\"meta-nav\">&rarr;<\/span><\/a><\/p>\n","protected":false},"author":1,"featured_media":0,"comment_status":"closed","ping_status":"open","sticky":false,"template":"","format":"standard","meta":{"footnotes":""},"categories":[8,142,9],"tags":[59,75,97,93],"class_list":["post-1102","post","type-post","status-publish","format-standard","hentry","category-energie-2","category-politique","category-suissepays","tag-59","tag-charbon","tag-christophe-de-reyff","tag-derapage-federal"],"_links":{"self":[{"href":"https:\/\/www.entrelemanetjura.ch\/BLOG_WP_351\/wp-json\/wp\/v2\/posts\/1102","targetHints":{"allow":["GET"]}}],"collection":[{"href":"https:\/\/www.entrelemanetjura.ch\/BLOG_WP_351\/wp-json\/wp\/v2\/posts"}],"about":[{"href":"https:\/\/www.entrelemanetjura.ch\/BLOG_WP_351\/wp-json\/wp\/v2\/types\/post"}],"author":[{"embeddable":true,"href":"https:\/\/www.entrelemanetjura.ch\/BLOG_WP_351\/wp-json\/wp\/v2\/users\/1"}],"replies":[{"embeddable":true,"href":"https:\/\/www.entrelemanetjura.ch\/BLOG_WP_351\/wp-json\/wp\/v2\/comments?post=1102"}],"version-history":[{"count":4,"href":"https:\/\/www.entrelemanetjura.ch\/BLOG_WP_351\/wp-json\/wp\/v2\/posts\/1102\/revisions"}],"predecessor-version":[{"id":1106,"href":"https:\/\/www.entrelemanetjura.ch\/BLOG_WP_351\/wp-json\/wp\/v2\/posts\/1102\/revisions\/1106"}],"wp:attachment":[{"href":"https:\/\/www.entrelemanetjura.ch\/BLOG_WP_351\/wp-json\/wp\/v2\/media?parent=1102"}],"wp:term":[{"taxonomy":"category","embeddable":true,"href":"https:\/\/www.entrelemanetjura.ch\/BLOG_WP_351\/wp-json\/wp\/v2\/categories?post=1102"},{"taxonomy":"post_tag","embeddable":true,"href":"https:\/\/www.entrelemanetjura.ch\/BLOG_WP_351\/wp-json\/wp\/v2\/tags?post=1102"}],"curies":[{"name":"wp","href":"https:\/\/api.w.org\/{rel}","templated":true}]}}