{"id":1010,"date":"2014-11-18T12:05:33","date_gmt":"2014-11-18T11:05:33","guid":{"rendered":"http:\/\/www.entrelemanetjura.ch\/BLOG_WP_351\/?p=1010"},"modified":"2014-11-18T12:14:24","modified_gmt":"2014-11-18T11:14:24","slug":"strategie-energetique-2050-lerreur-du-siecle-en-matiere-de-politique-economique","status":"publish","type":"post","link":"https:\/\/www.entrelemanetjura.ch\/BLOG_WP_351\/strategie-energetique-2050-lerreur-du-siecle-en-matiere-de-politique-economique\/","title":{"rendered":"Strat\u00e9gie \u00e9nerg\u00e9tique 2050 \u2013 l\u2019erreur du si\u00e8cle ?"},"content":{"rendered":"<p>Annonce pour le 27 novembre 2014, 11:00 \u00e0 Berne<\/p>\n<p style=\"text-align: justify;\">Comme le th\u00e8me et le contenu ont d\u00e9j\u00e0 \u00e9t\u00e9 abondamment trait\u00e9s dans le pr\u00e9sent blog, les tristes conclusions des auteurs de l&rsquo;\u00e9tude cit\u00e9e plus loin semblent d\u00e9couler naturellement des erreurs de conception, des donn\u00e9es fausses et des erreurs de calculs que nous connaissons bien. Il est tout-\u00e0-fait juste que le public en prenne enfin connaissance &#8230;<\/p>\n<p style=\"text-align: right;\">L&rsquo;\u00e9diteur, le 18.11.2014<\/p>\n<p style=\"text-align: center;\"><strong>* \u00a0 * \u00a0 *<\/strong><\/p>\n<p><b>Groupe d\u2019\u00e9tude Politique \u00e9nerg\u00e9tique <\/b><\/p>\n<p><b>Institut Lib\u00e9ral, Gen\u00e8ve et Zurich <\/b><\/p>\n<p><b>Institut f\u00fcr Wirtschaftsstudien Basel SA\u00a0<\/b><\/p>\n<p>Conf\u00e9rence de presse<\/p>\n<p><b>Strat\u00e9gie \u00e9nerg\u00e9tique 2050 \u2013 l\u2019erreur du si\u00e8cle en mati\u00e8re de politique \u00e9conomique?<\/b><\/p>\n<p>Date : Jeudi 27 novembre 2014, 11 h \u00e0 12 h<\/p>\n<p>Lieu : Restaurant Schmiedstube,\u00a0Salle \u00ab Amboss \u00bb<\/p>\n<p>Schmiedenplatz 5, Berne<\/p>\n<p>&nbsp;<\/p>\n<p style=\"text-align: justify;\">La politique \u00e9nerg\u00e9tique actuelle ne m\u00e9rite pas le nom de \u00ab strat\u00e9gie \u00bb. Elle n\u2019est pas suffisamment l\u00e9gitim\u00e9e au niveau politique, alors que son assise ne peut pas non plus \u00eatre consid\u00e9r\u00e9e comme fond\u00e9e au niveau scientifique. Elle se focalise sur ce qui pourrait \u00eatre r\u00e9alisable au niveau technique, mais en laisse largement de c\u00f4t\u00e9 les co\u00fbts et les cons\u00e9quences \u00e9conomiques. Le Groupe d\u2019\u00e9tude Politique \u00e9nerg\u00e9tique pr\u00e9sente une analyse en profondeur des implications techniques et \u00e9conomiques, mais aussi institutionnelles de la strat\u00e9gie \u00e9nerg\u00e9tique 2050. Cette derni\u00e8re risque de manquer ses objectifs \u00e9conomiques et \u00e9cologiques, finalement d\u2019\u00e9chouer et de laisser derri\u00e8re elle des dommages consid\u00e9rables. Le Groupe d\u2019\u00e9tude recommande d\u00e8s lors d\u2019interrompre sans d\u00e9lai la mise en oeuvre de la strat\u00e9gie \u00e9nerg\u00e9tique 2050 et d\u2019initier une phase de r\u00e9flexion. Il en est encore temps.<\/p>\n<p>11.00 <b>Pierre Bessard <\/b>Directeur de l\u2019Institut Lib\u00e9ral, Gen\u00e8ve et Zurich<\/p>\n<p>Introduction et mod\u00e9ration<\/p>\n<p>&nbsp;<\/p>\n<p>11.10 <b>Prof. Bernd Schips <\/b><\/p>\n<p>Pr\u00e9sentation des cons\u00e9quences pour l\u2019\u00e9conomie<\/p>\n<p><b>\u00a0 \u00a0 \u00a0 \u00a0 \u00a0 Prof. Silvio Borner <\/b><\/p>\n<p>Pr\u00e9sentation des cons\u00e9quences pour la politique \u00e9conomique<\/p>\n<p>&nbsp;<\/p>\n<p>11.40 Questions et discussion<\/p>\n<p>Coordination de la conf\u00e9rence de presse : Markus Saurer\u00a0 \u00a0 markus.saurer@industrieoekonomie.ch \u00a0 079 308 76 48<\/p>\n<p>T\u00e9l\u00e9chargement de la documentation d\u00e8s le jour de la conf\u00e9rence de presse :\u00a0 \u00a0 <a href=\"http:\/\/www.iwsb.ch\/publikationen\/studien.html\" target=\"_blank\">http:\/\/www.iwsb.ch\/publikationen\/studien.html<\/a><\/p>\n","protected":false},"excerpt":{"rendered":"<p>Annonce pour le 27 novembre 2014, 11:00 \u00e0 Berne Comme le th\u00e8me et le contenu ont d\u00e9j\u00e0 \u00e9t\u00e9 abondamment trait\u00e9s dans le pr\u00e9sent blog, les tristes conclusions des auteurs de l&rsquo;\u00e9tude cit\u00e9e plus loin semblent d\u00e9couler naturellement des erreurs de &hellip; <a href=\"https:\/\/www.entrelemanetjura.ch\/BLOG_WP_351\/strategie-energetique-2050-lerreur-du-siecle-en-matiere-de-politique-economique\/\">Continuer la lecture <span class=\"meta-nav\">&rarr;<\/span><\/a><\/p>\n","protected":false},"author":1,"featured_media":0,"comment_status":"closed","ping_status":"open","sticky":false,"template":"","format":"standard","meta":{"footnotes":""},"categories":[42,8,142,9],"tags":[59,34,269,93],"class_list":["post-1010","post","type-post","status-publish","format-standard","hentry","category-economie","category-energie-2","category-politique","category-suissepays","tag-59","tag-berne","tag-conference-de-presse","tag-derapage-federal"],"_links":{"self":[{"href":"https:\/\/www.entrelemanetjura.ch\/BLOG_WP_351\/wp-json\/wp\/v2\/posts\/1010","targetHints":{"allow":["GET"]}}],"collection":[{"href":"https:\/\/www.entrelemanetjura.ch\/BLOG_WP_351\/wp-json\/wp\/v2\/posts"}],"about":[{"href":"https:\/\/www.entrelemanetjura.ch\/BLOG_WP_351\/wp-json\/wp\/v2\/types\/post"}],"author":[{"embeddable":true,"href":"https:\/\/www.entrelemanetjura.ch\/BLOG_WP_351\/wp-json\/wp\/v2\/users\/1"}],"replies":[{"embeddable":true,"href":"https:\/\/www.entrelemanetjura.ch\/BLOG_WP_351\/wp-json\/wp\/v2\/comments?post=1010"}],"version-history":[{"count":6,"href":"https:\/\/www.entrelemanetjura.ch\/BLOG_WP_351\/wp-json\/wp\/v2\/posts\/1010\/revisions"}],"predecessor-version":[{"id":1016,"href":"https:\/\/www.entrelemanetjura.ch\/BLOG_WP_351\/wp-json\/wp\/v2\/posts\/1010\/revisions\/1016"}],"wp:attachment":[{"href":"https:\/\/www.entrelemanetjura.ch\/BLOG_WP_351\/wp-json\/wp\/v2\/media?parent=1010"}],"wp:term":[{"taxonomy":"category","embeddable":true,"href":"https:\/\/www.entrelemanetjura.ch\/BLOG_WP_351\/wp-json\/wp\/v2\/categories?post=1010"},{"taxonomy":"post_tag","embeddable":true,"href":"https:\/\/www.entrelemanetjura.ch\/BLOG_WP_351\/wp-json\/wp\/v2\/tags?post=1010"}],"curies":[{"name":"wp","href":"https:\/\/api.w.org\/{rel}","templated":true}]}}